{"id":3223,"date":"2025-10-30T08:00:00","date_gmt":"2025-10-30T07:00:00","guid":{"rendered":"https:\/\/www.forte-cultura.network\/?p=3223"},"modified":"2025-12-10T20:40:33","modified_gmt":"2025-12-10T19:40:33","slug":"schlosser-und-turme-in-alicante","status":"publish","type":"post","link":"https:\/\/www.forte-cultura.network\/de\/castles-and-towers-in-alicante\/","title":{"rendered":"Neues Buch: Schl\u00f6sser und T\u00fcrme in Alicante (ES)"},"content":{"rendered":"<div class=\"wp-block-columns alignwide eplus-wrapper is-layout-flex wp-container-core-columns-is-layout-28f84493 wp-block-columns-is-layout-flex eplus-styles-uid-8cf3b6\">\n<div class=\"wp-block-column eplus-wrapper is-layout-flow wp-block-column-is-layout-flow\">\n<p class=\"eplus-wrapper\"><em>Schloss Castalla (11<sup>th<\/sup>-16<sup>th<\/sup> Jahrhunderte). Foto: Manuel Vicedo.<\/em><\/p>\n\n\n\n<p class=\"eplus-wrapper\">Die Autoren: Juan Antonio Mira Rico, Rafael Azuar Ruiz<\/p>\n\n\n\n<p class=\"eplus-wrapper\"><\/p>\n\n\n\n<p class=\"eplus-wrapper\">Die geschichtliche Dynamik der Region Alicante zwischen dem 11. und 15. Jahrhundert f\u00fchrte zu einer starken Zunahme von Burgen und T\u00fcrmen in den Bergen. In dieser Zeit war die Region ein umk\u00e4mpftes Gebiet mit wechselnden Grenzen, das zun\u00e4chst zu \u0160arq Al-Andalus und sp\u00e4ter zu den Kronen von Aragon und Kastilien geh\u00f6rte.<\/p>\n\n\n\n<p class=\"eplus-wrapper\">Burgen und T\u00fcrme sind ein wesentliches Element in der Charakterisierung des Territoriums von Alicante. Sie sind ein zentraler Bezugspunkt f\u00fcr das Verst\u00e4ndnis der Kulturlandschaft, der Geschichte, des kulturellen Erbes und der touristischen Dynamik, die sich von Norden nach S\u00fcden und von der K\u00fcste bis ins Landesinnere erstreckt. Nach dem Verlust ihrer milit\u00e4rischen Funktion entgingen diese Festungen jedoch nicht dem Schicksal, dem Verfall preisgegeben zu sein. Dieser Prozess der Vernachl\u00e4ssigung setzte sich \u00fcber Jahrhunderte fort. Erst in der zweiten H\u00e4lfte des 20. Jahrhunderts wurde ihr enormer kultureller Wert erkannt, und in den letzten Jahren wurden viele von ihnen restauriert und f\u00fcr Besucher hergerichtet. In der Tat gab es F\u00e4lle, in denen diese Strukturen f\u00fcr verschiedene Zwecke umgewidmet wurden, einschlie\u00dflich, aber nicht beschr\u00e4nkt auf Ausstellungsr\u00e4ume. Auf diese Weise ist ein einzigartiges Kulturerbe von erheblichem Interesse entstanden, das bei entsprechender Planung und der Integration neuer Technologien das Potenzial hat, sich zu einem wichtigen wirtschaftlichen und touristischen Zentrum zu entwickeln.<\/p>\n\n\n\n<p class=\"eplus-wrapper\">Es ist daher nicht verwunderlich, dass eine F\u00fclle von Ver\u00f6ffentlichungen \u00fcber die Verteidigungsarchitektur im Allgemeinen und \u00fcber Burgen und T\u00fcrme im Besonderen erschienen ist. Diese Ver\u00f6ffentlichungen haben dazu beigetragen, das Bewusstsein f\u00fcr die Geschichte und die Architektur der Bauwerke und - in geringerem Ma\u00dfe - f\u00fcr die an ihnen durchgef\u00fchrten Konservierungs- und Restaurierungsarbeiten zu sch\u00e4rfen.<\/p>\n\n\n\n<p class=\"eplus-wrapper\"><em>Burgen und Schl\u00f6sser in Alicante<\/em> (Schl\u00f6sser und T\u00fcrme von Alicante) hat, wie zu erwarten, die Verbreitung in seiner DNA. Das vorliegende Werk, das in spanischer und valencianischer Sprache ver\u00f6ffentlicht wurde, kn\u00fcpft an die informativen Aspekte fr\u00fcherer Studien an, weist aber auch bedeutende Unterschiede auf. In diesem Sinne handelt es sich nicht nur um eine arch\u00e4ologische, architektonische oder historische Studie, sondern vielmehr um eine Studie \u00fcber das Kulturerbe, die \u00fcber die konventionellen arch\u00e4ologischen, architektonischen und historischen Ans\u00e4tze hinausgeht, mit dem Ziel, den Interessierten von Nutzen zu sein. Daher konzentriert sich das Buch in erster Linie auf mittelalterliche Befestigungsanlagen und T\u00fcrme, die die Kriterien f\u00fcr eine Besichtigung erf\u00fcllen. Zusammenfassend l\u00e4sst sich sagen, dass die Bauwerke im Allgemeinen gut erhalten sind, dass ihre Besuchszeiten einheitlich sind und dass sie mit verschiedenen denkmalpflegerischen Einrichtungen ausgestattet sind, die das Studium ihrer Geschichte und Architektur sowie ihres kulturellen Wertes unterst\u00fctzen. In diesem Zusammenhang wurden Geb\u00e4ude, die die oben genannten Kriterien nicht erf\u00fcllen, nicht mehr existieren oder nicht mittelalterlichen Ursprungs sind, wie z. B. Wacht\u00fcrme oder Gartent\u00fcrme, ausgeschlossen.<\/p>\n\n\n\n<p class=\"eplus-wrapper\"><\/p>\n\n\n\n<figure class=\"wp-block-image size-large eplus-wrapper\"><img loading=\"lazy\" decoding=\"async\" width=\"1024\" height=\"637\" src=\"https:\/\/www.forte-cultura.network\/wp-content\/uploads\/2025\/10\/Torre-de-les-Macanes-tower-late-12th-16th-centuries.-Author-Manuel-Vicedo-1024x637.jpg\" alt=\"\" class=\"wp-image-3280\" srcset=\"https:\/\/www.forte-cultura.network\/wp-content\/uploads\/2025\/10\/Torre-de-les-Macanes-tower-late-12th-16th-centuries.-Author-Manuel-Vicedo-1024x637.jpg 1024w, https:\/\/www.forte-cultura.network\/wp-content\/uploads\/2025\/10\/Torre-de-les-Macanes-tower-late-12th-16th-centuries.-Author-Manuel-Vicedo-300x187.jpg 300w, https:\/\/www.forte-cultura.network\/wp-content\/uploads\/2025\/10\/Torre-de-les-Macanes-tower-late-12th-16th-centuries.-Author-Manuel-Vicedo-768x478.jpg 768w, https:\/\/www.forte-cultura.network\/wp-content\/uploads\/2025\/10\/Torre-de-les-Macanes-tower-late-12th-16th-centuries.-Author-Manuel-Vicedo-1536x956.jpg 1536w, https:\/\/www.forte-cultura.network\/wp-content\/uploads\/2025\/10\/Torre-de-les-Macanes-tower-late-12th-16th-centuries.-Author-Manuel-Vicedo-18x12.jpg 18w, https:\/\/www.forte-cultura.network\/wp-content\/uploads\/2025\/10\/Torre-de-les-Macanes-tower-late-12th-16th-centuries.-Author-Manuel-Vicedo.jpg 1772w\" sizes=\"auto, (max-width: 1024px) 100vw, 1024px\" \/><figcaption class=\"wp-element-caption\"><em>Turm Torre de les Ma\u00e7anes (Ende 12.<sup>th<\/sup>-16<sup>th<\/sup> Jahrhunderte). Foto: Manuel Vicedo.<\/em><\/figcaption><\/figure>\n\n\n\n<p class=\"eplus-wrapper\"><\/p>\n\n\n\n<p class=\"eplus-wrapper\">Die grundlegenden Informationen \u00fcber mittelalterliche Burgen und T\u00fcrme, die zur Erleichterung der Besichtigung sorgf\u00e4ltig nach Regionen geordnet sind, bilden den Kern dieser Ver\u00f6ffentlichung. Dar\u00fcber hinaus befassen sich die Kapitel verschiedener Autoren mit ihrer Geografie, ihren architektonischen und historischen Merkmalen, dem Kulturmanagement, der m\u00f6glichen Nutzung von IT sowie ihrer kulturellen und touristischen Bedeutung. Die Integration dieser Perspektiven ist wesentlich f\u00fcr einen umfassenden, interdisziplin\u00e4ren \u00dcberblick - ein Ansatz, der \u00fcber die traditionellen arch\u00e4ologischen, architektonischen und historischen Analysen hinausgeht.<\/p>\n\n\n\n<p class=\"eplus-wrapper\">Mit dieser Methode lassen sich Fragen beantworten, die seit langem in den lokalen Traditionen der Burgen und T\u00fcrme verankert sind, z. B. nach der Identit\u00e4t ihrer Erbauer, den Gr\u00fcnden f\u00fcr ihre Errichtung, dem Zweck dieser Bauwerke und den Zeitr\u00e4umen, in denen sie genutzt wurden. Von entscheidender Bedeutung ist auch die Ermittlung der Eigent\u00fcmer und der aktuellen Besitzverh\u00e4ltnisse.<\/p>\n\n\n\n<p class=\"eplus-wrapper\">Dar\u00fcber hinaus wurde ein Kompendium von Informationsbl\u00e4ttern zusammengestellt, das detaillierte Informationen \u00fcber die bestehenden Befestigungen und T\u00fcrme enth\u00e4lt. Diese Merkbl\u00e4tter wurden regelm\u00e4\u00dfig aktualisiert, um die Planung von Besuchen zu unterst\u00fctzen und das Verst\u00e4ndnis f\u00fcr diese Kulturg\u00fcter zu vertiefen. Diese Bauwerke, als \u00dcberbleibsel unserer Vergangenheit, versprechen eine sinnvolle Zukunft.<\/p>\n\n\n\n<p class=\"eplus-wrapper\">Link zum Buch auf Spanisch: <a href=\"https:\/\/publicaciones.ua.es\/ca\/libro\/castillos-y-torres-de-alicante_158855\/\">https:\/\/publicaciones.ua.es\/ca\/libro\/castillos-y-torres-de-alicante_158855\/<\/a><\/p>\n\n\n\n<p class=\"eplus-wrapper\">Link zum Buch auf Valencianisch: <a href=\"https:\/\/publicaciones.ua.es\/ca\/libro\/castells-i-torres-d-alacant_158849\/\">https:\/\/publicaciones.ua.es\/ca\/libro\/castells-i-torres-d-alacant_158849\/<\/a><\/p>\n\n\n\n<p class=\"eplus-wrapper\"><\/p>\n\n\n\n<figure class=\"wp-block-image size-large eplus-wrapper\"><img loading=\"lazy\" decoding=\"async\" width=\"727\" height=\"1024\" src=\"https:\/\/www.forte-cultura.network\/wp-content\/uploads\/2025\/10\/Cover.-Source-University-of-Alicante-e1761041430866-727x1024.jpg\" alt=\"\" class=\"wp-image-3279\" srcset=\"https:\/\/www.forte-cultura.network\/wp-content\/uploads\/2025\/10\/Cover.-Source-University-of-Alicante-e1761041430866-727x1024.jpg 727w, https:\/\/www.forte-cultura.network\/wp-content\/uploads\/2025\/10\/Cover.-Source-University-of-Alicante-e1761041430866-213x300.jpg 213w, https:\/\/www.forte-cultura.network\/wp-content\/uploads\/2025\/10\/Cover.-Source-University-of-Alicante-e1761041430866-768x1081.jpg 768w, https:\/\/www.forte-cultura.network\/wp-content\/uploads\/2025\/10\/Cover.-Source-University-of-Alicante-e1761041430866-9x12.jpg 9w, https:\/\/www.forte-cultura.network\/wp-content\/uploads\/2025\/10\/Cover.-Source-University-of-Alicante-e1761041430866.jpg 909w\" sizes=\"auto, (max-width: 727px) 100vw, 727px\" \/><\/figure>\n\n\n\n<p class=\"eplus-wrapper\"><\/p>\n\n\n\n<p class=\"eplus-wrapper\"><\/p>\n<\/div>\n<\/div>\n\n\n<p class=\"eplus-wrapper\"><\/p>","protected":false},"excerpt":{"rendered":"<p>Die historische Dynamik der Region Alicante zwischen dem 11. und 15. Jahrhundert f\u00fchrte zu einer starken Zunahme von Burgen und T\u00fcrmen in den Bergen.<\/p>","protected":false},"author":3,"featured_media":3278,"comment_status":"open","ping_status":"open","sticky":false,"template":"","format":"standard","meta":{"editor_plus_copied_stylings":"{}","pgc_sgb_lightbox_settings":"","_price":"","_stock":"","_tribe_ticket_header":"","_tribe_default_ticket_provider":"","_tribe_ticket_capacity":"0","_ticket_start_date":"","_ticket_end_date":"","_tribe_ticket_show_description":"","_tribe_ticket_show_not_going":false,"_tribe_ticket_use_global_stock":"","_tribe_ticket_global_stock_level":"","_global_stock_mode":"","_global_stock_cap":"","_tribe_rsvp_for_event":"","_tribe_ticket_going_count":"","_tribe_ticket_not_going_count":"","_tribe_tickets_list":"[]","_tribe_ticket_has_attendee_info_fields":false,"_EventAllDay":false,"_EventTimezone":"","_EventStartDate":"","_EventEndDate":"","_EventStartDateUTC":"","_EventEndDateUTC":"","_EventShowMap":false,"_EventShowMapLink":false,"_EventURL":"","_EventCost":"","_EventCostDescription":"","_EventCurrencySymbol":"","_EventCurrencyCode":"","_EventCurrencyPosition":"","_EventDateTimeSeparator":"","_EventTimeRangeSeparator":"","_EventOrganizerID":[],"_EventVenueID":[],"_OrganizerEmail":"","_OrganizerPhone":"","_OrganizerWebsite":"","_VenueAddress":"","_VenueCity":"","_VenueCountry":"","_VenueProvince":"","_VenueState":"","_VenueZip":"","_VenuePhone":"","_VenueURL":"","_VenueStateProvince":"","_VenueLat":"","_VenueLng":"","_VenueShowMap":false,"_VenueShowMapLink":false,"footnotes":""},"categories":[68,99,6,54],"tags":[],"class_list":["post-3223","post","type-post","status-publish","format-standard","has-post-thumbnail","hentry","category-68","category-history","category-news","category-science-blog"],"_links":{"self":[{"href":"https:\/\/www.forte-cultura.network\/de\/wp-json\/wp\/v2\/posts\/3223","targetHints":{"allow":["GET"]}}],"collection":[{"href":"https:\/\/www.forte-cultura.network\/de\/wp-json\/wp\/v2\/posts"}],"about":[{"href":"https:\/\/www.forte-cultura.network\/de\/wp-json\/wp\/v2\/types\/post"}],"author":[{"embeddable":true,"href":"https:\/\/www.forte-cultura.network\/de\/wp-json\/wp\/v2\/users\/3"}],"replies":[{"embeddable":true,"href":"https:\/\/www.forte-cultura.network\/de\/wp-json\/wp\/v2\/comments?post=3223"}],"version-history":[{"count":18,"href":"https:\/\/www.forte-cultura.network\/de\/wp-json\/wp\/v2\/posts\/3223\/revisions"}],"predecessor-version":[{"id":4357,"href":"https:\/\/www.forte-cultura.network\/de\/wp-json\/wp\/v2\/posts\/3223\/revisions\/4357"}],"wp:featuredmedia":[{"embeddable":true,"href":"https:\/\/www.forte-cultura.network\/de\/wp-json\/wp\/v2\/media\/3278"}],"wp:attachment":[{"href":"https:\/\/www.forte-cultura.network\/de\/wp-json\/wp\/v2\/media?parent=3223"}],"wp:term":[{"taxonomy":"category","embeddable":true,"href":"https:\/\/www.forte-cultura.network\/de\/wp-json\/wp\/v2\/categories?post=3223"},{"taxonomy":"post_tag","embeddable":true,"href":"https:\/\/www.forte-cultura.network\/de\/wp-json\/wp\/v2\/tags?post=3223"}],"curies":[{"name":"wp","href":"https:\/\/api.w.org\/{rel}","templated":true}]}}