{"id":3975,"date":"2021-09-30T00:00:00","date_gmt":"2021-09-29T22:00:00","guid":{"rendered":"https:\/\/www.forte-cultura.network\/?p=3975"},"modified":"2025-12-07T13:57:41","modified_gmt":"2025-12-07T12:57:41","slug":"ziegenhain-de-europaeische-festung-sommer","status":"publish","type":"post","link":"https:\/\/www.forte-cultura.network\/de\/ziegenhain-de-european-fortress-summer\/","title":{"rendered":"Ziegenhain (DE): Europ\u00e4ische Festung im Sommer"},"content":{"rendered":"<div class=\"wp-block-columns alignwide eplus-wrapper is-layout-flex wp-container-core-columns-is-layout-28f84493 wp-block-columns-is-layout-flex eplus-styles-uid-ff2f19\">\n<div class=\"wp-block-column eplus-wrapper is-layout-flow wp-block-column-is-layout-flow\">\n<p class=\"eplus-wrapper\">FORTE CULTURA trifft in der Festungs- und Konfirmandenstadt Ziegenhain auf ein neues Europa.<\/p>\n\n\n\n<p class=\"eplus-wrapper\">Ende August nahmen die Stadt Ziegenhain und die Fraktion Renew Europe den Europ\u00e4ischen Festungssommer zum Anlass, ein rauschendes Sommerfest auf dem Exerzierplatz in der Festungsstadt zu veranstalten. Gastgeber Engin Eroglu (MdEP) begr\u00fc\u00dfte fast 200 geladene G\u00e4ste, darunter Frauke Vos-Firnkes und Dirk R\u00f6der vom FORTE CULTURA Vorstand. Letzterer betonte in seiner Rede die Rolle der Festungsdenkm\u00e4ler f\u00fcr ein freies und nachhaltiges Europa.<\/p>\n\n\n\n<p class=\"eplus-wrapper\"><\/p>\n<\/div>\n<\/div>","protected":false},"excerpt":{"rendered":"<p>FORTE CULTURA meets renew Europe in the fortress and confirmation town of Ziegenhain. At the end of August, the town of Ziegenhain and the Renew Europe political group took the [&hellip;]<\/p>\n","protected":false},"author":3,"featured_media":209,"comment_status":"open","ping_status":"open","sticky":false,"template":"","format":"standard","meta":{"editor_plus_copied_stylings":"{}","pgc_sgb_lightbox_settings":"","_price":"","_stock":"","_tribe_ticket_header":"","_tribe_default_ticket_provider":"","_tribe_ticket_capacity":"0","_ticket_start_date":"","_ticket_end_date":"","_tribe_ticket_show_description":"","_tribe_ticket_show_not_going":false,"_tribe_ticket_use_global_stock":"","_tribe_ticket_global_stock_level":"","_global_stock_mode":"","_global_stock_cap":"","_tribe_rsvp_for_event":"","_tribe_ticket_going_count":"","_tribe_ticket_not_going_count":"","_tribe_tickets_list":"[]","_tribe_ticket_has_attendee_info_fields":false,"_EventAllDay":false,"_EventTimezone":"","_EventStartDate":"","_EventEndDate":"","_EventStartDateUTC":"","_EventEndDateUTC":"","_EventShowMap":false,"_EventShowMapLink":false,"_EventURL":"","_EventCost":"","_EventCostDescription":"","_EventCurrencySymbol":"","_EventCurrencyCode":"","_EventCurrencyPosition":"","_EventDateTimeSeparator":"","_EventTimeRangeSeparator":"","_EventOrganizerID":[],"_EventVenueID":[],"_OrganizerEmail":"","_OrganizerPhone":"","_OrganizerWebsite":"","_VenueAddress":"","_VenueCity":"","_VenueCountry":"","_VenueProvince":"","_VenueState":"","_VenueZip":"","_VenuePhone":"","_VenueURL":"","_VenueStateProvince":"","_VenueLat":"","_VenueLng":"","_VenueShowMap":false,"_VenueShowMapLink":false,"footnotes":""},"categories":[124,83,184],"tags":[],"class_list":["post-3975","post","type-post","status-publish","format-standard","has-post-thumbnail","hentry","category-124","category-european-fortress-summer-2","category-ziegenhain"],"_links":{"self":[{"href":"https:\/\/www.forte-cultura.network\/de\/wp-json\/wp\/v2\/posts\/3975","targetHints":{"allow":["GET"]}}],"collection":[{"href":"https:\/\/www.forte-cultura.network\/de\/wp-json\/wp\/v2\/posts"}],"about":[{"href":"https:\/\/www.forte-cultura.network\/de\/wp-json\/wp\/v2\/types\/post"}],"author":[{"embeddable":true,"href":"https:\/\/www.forte-cultura.network\/de\/wp-json\/wp\/v2\/users\/3"}],"replies":[{"embeddable":true,"href":"https:\/\/www.forte-cultura.network\/de\/wp-json\/wp\/v2\/comments?post=3975"}],"version-history":[{"count":2,"href":"https:\/\/www.forte-cultura.network\/de\/wp-json\/wp\/v2\/posts\/3975\/revisions"}],"predecessor-version":[{"id":4134,"href":"https:\/\/www.forte-cultura.network\/de\/wp-json\/wp\/v2\/posts\/3975\/revisions\/4134"}],"wp:featuredmedia":[{"embeddable":true,"href":"https:\/\/www.forte-cultura.network\/de\/wp-json\/wp\/v2\/media\/209"}],"wp:attachment":[{"href":"https:\/\/www.forte-cultura.network\/de\/wp-json\/wp\/v2\/media?parent=3975"}],"wp:term":[{"taxonomy":"category","embeddable":true,"href":"https:\/\/www.forte-cultura.network\/de\/wp-json\/wp\/v2\/categories?post=3975"},{"taxonomy":"post_tag","embeddable":true,"href":"https:\/\/www.forte-cultura.network\/de\/wp-json\/wp\/v2\/tags?post=3975"}],"curies":[{"name":"wp","href":"https:\/\/api.w.org\/{rel}","templated":true}]}}