{"id":2230,"date":"2025-04-18T15:05:32","date_gmt":"2025-04-18T13:05:32","guid":{"rendered":"https:\/\/www.forte-cultura.network\/?p=2230"},"modified":"2025-11-25T23:33:24","modified_gmt":"2025-11-25T22:33:24","slug":"miembros-de-caserta-it-forte-cultura-en-el-congreso-fortmed-2025","status":"publish","type":"post","link":"https:\/\/www.forte-cultura.network\/es\/caserta-it-forte-cultura-members-at-fortmed-2025-congress\/","title":{"rendered":"Caserta (IT): Miembros de FORTE CULTURA en el Congreso FORTMED 2025"},"content":{"rendered":"<div class=\"wp-block-columns alignwide eplus-wrapper is-layout-flex wp-container-core-columns-is-layout-28f84493 wp-block-columns-is-layout-flex eplus-styles-uid-d2dfa4\">\n<div class=\"wp-block-column eplus-wrapper is-layout-flow wp-block-column-is-layout-flow\">\n<p class=\"eplus-wrapper\"><em>Autora: Olha Tikhonova<\/em><\/p>\n\n\n\n<p class=\"eplus-wrapper\">El Congreso FORTMED 2025, dedicado al patrimonio fortificado, se celebr\u00f3 en Caserta (Italia) con una importante participaci\u00f3n acad\u00e9mica: <strong>411 asistentes<\/strong> y <strong>197 art\u00edculos<\/strong> fueron presentados. El evento demostr\u00f3 un fuerte enfoque interdisciplinario, reuniendo a investigadores, profesionales e instituciones comprometidos con la documentaci\u00f3n, la preservaci\u00f3n y el desarrollo sostenible del patrimonio fortificado.<\/p>\n\n\n\n<p class=\"eplus-wrapper\">Entre los colaboradores se encontraban varios miembros y colaboradores de <strong>Forte Cultura<\/strong>, cuya investigaci\u00f3n reflejaba la misi\u00f3n fundamental de la red de mejorar el intercambio de conocimientos y las pr\u00e1cticas innovadoras en materia de patrimonio en toda Europa y m\u00e1s all\u00e1. Su participaci\u00f3n contribuy\u00f3 de manera significativa al di\u00e1logo acad\u00e9mico y profesional del congreso.<\/p>\n\n\n<div style=\"height:16px\" aria-hidden=\"true\" class=\"wp-block-spacer eplus-wrapper eplus-styles-uid-d2904a\"><\/div>\n\n\n<p class=\"eplus-wrapper\"><strong>Dra. Olha Tikhonova<\/strong><br><em>Premio al mejor art\u00edculo en FORTMED 2025<\/em><br><strong><em>T\u00edtulo del art\u00edculo: <\/em><\/strong><em>La influencia de los M\u00e9dici en los castillos basti\u00f3n: rastreando los or\u00edgenes y el impacto en Europa y el sudeste asi\u00e1tico<\/em><\/p>\n\n\n\n<p class=\"eplus-wrapper\">La Dra. Olha Tikhonova, becaria MSCA de la Universidad de Sevilla y miembro cient\u00edfico de EFFORTS y Forte Cultura, recibi\u00f3 el premio al mejor art\u00edculo por su investigaci\u00f3n interdisciplinaria sobre la transmisi\u00f3n de los modelos de fortificaci\u00f3n basti\u00f3n originarios del Renacimiento italiano al sudeste asi\u00e1tico. Centr\u00e1ndose en el fuerte Surosowan en Banten, Indonesia, su an\u00e1lisis destac\u00f3 los v\u00ednculos arquitect\u00f3nicos e ideol\u00f3gicos con las villas fortificadas construidas por los Medici y otros ejemplos europeos, incluidos los castillos basti\u00f3n polacos.<\/p>\n\n\n\n<p class=\"eplus-wrapper\">El art\u00edculo cuestionaba las clasificaciones predominantes \u2014si estas estructuras deb\u00edan denominarse \u201cfortalezas\u201d o \u201ccastillos\u201d\u2014 y hac\u00eda hincapi\u00e9 en la difusi\u00f3n global de los modelos arquitect\u00f3nicos y pol\u00edticos a trav\u00e9s de la expansi\u00f3n colonial. Sus conclusiones ofrecen valiosas perspectivas para los estudios comparativos de arquitectura y los marcos de interpretaci\u00f3n del patrimonio.<\/p>\n\n\n<div style=\"height:16px\" aria-hidden=\"true\" class=\"wp-block-spacer eplus-wrapper eplus-styles-uid-d2904a\"><\/div>\n\n\n<p class=\"eplus-wrapper\"><strong>Juan Antonio Mira-Rico<\/strong>, en colaboraci\u00f3n con <strong>Agnieszka Kowalska<\/strong><br><strong><em>T\u00edtulo del art\u00edculo: <\/em><\/strong><em>La musealizaci\u00f3n como modelo de desarrollo para los castillos medievales de la provincia de Alicante (Espa\u00f1a) y la voivod\u00eda de Pomerania (Polonia)<\/em><\/p>\n\n\n\n<p class=\"eplus-wrapper\">Este art\u00edculo, escrito en colaboraci\u00f3n, examina la reutilizaci\u00f3n adaptativa de castillos medievales como sitios de patrimonio cultural a trav\u00e9s de estrategias de musealizaci\u00f3n. El estudio compara cuatro castillos \u2014Atalaya y Castalla (Espa\u00f1a), Kwidzyn y Sztum (Polonia)\u2014 en t\u00e9rminos de sus tipolog\u00edas hist\u00f3ricas, enfoques interpretativos, participaci\u00f3n de los visitantes y gesti\u00f3n institucional.<\/p>\n\n\n\n<p class=\"eplus-wrapper\">La investigaci\u00f3n identific\u00f3 retos comunes y mejores pr\u00e1cticas en el desarrollo sostenible de los sitios hist\u00f3ricos. Tambi\u00e9n proporcion\u00f3 recomendaciones para los responsables pol\u00edticos del patrimonio y los gestores de sitios que desean aumentar el valor cultural y econ\u00f3mico de dichos sitios, preservando al mismo tiempo su integridad hist\u00f3rica.<\/p>\n\n\n<div style=\"height:16px\" aria-hidden=\"true\" class=\"wp-block-spacer eplus-wrapper eplus-styles-uid-d2904a\"><\/div>\n\n\n<p class=\"eplus-wrapper\"><strong>Nata\u0161a Uro\u0161evi\u0107<\/strong><br><strong><em>T\u00edtulo del art\u00edculo: <\/em><\/strong><em>Valorizaci\u00f3n sostenible del patrimonio fortificado del Adri\u00e1tico a trav\u00e9s de redes transnacionales: el caso de Pula, Croacia<\/em><\/p>\n\n\n\n<p class=\"eplus-wrapper\">Uro\u0161evi\u0107 present\u00f3 los resultados del proyecto FORTIC, financiado por la UE, centrado en la planificaci\u00f3n participativa del patrimonio fortificado de Pula. Mediante la colaboraci\u00f3n con partes interesadas de ciudades como \u0160ibenik, Kor\u010dula, Venecia, Vieste y Cervia, el proyecto ten\u00eda como objetivo promover estrategias transnacionales para la gesti\u00f3n sostenible de las estructuras fortificadas.<\/p>\n\n\n\n<p class=\"eplus-wrapper\">Su art\u00edculo hac\u00eda hincapi\u00e9 en la importancia de la participaci\u00f3n de la comunidad, el di\u00e1logo intercultural y la cooperaci\u00f3n transfronteriza en la valorizaci\u00f3n del patrimonio. El estudio de caso ilustra c\u00f3mo el patrimonio fortificado puede servir de plataforma para el turismo cultural, la consolidaci\u00f3n de la paz y el desarrollo regional.<\/p>\n\n\n<div style=\"height:16px\" aria-hidden=\"true\" class=\"wp-block-spacer eplus-wrapper eplus-styles-uid-d2904a\"><\/div>\n\n\n<p class=\"eplus-wrapper\"><strong><strong>Josip Pavi\u0107<\/strong>, con <strong>Tomislav Zoj\u010deski<\/strong> y <strong>Andrija Naki\u0107<\/strong><br><em>T\u00edtulo del art\u00edculo: <\/em><\/strong><em><em>Topograf\u00eda y escaneo LiDAR de las fortificaciones de Gori\u0161ka Gradina, cerca de \u0160ibenik, Croacia.<\/em><\/em><\/p>\n\n\n\n<p class=\"eplus-wrapper\">En representaci\u00f3n de la Fortaleza de la Cultura de \u0160ibenik, miembro de Forte Cultura, este equipo present\u00f3 nueva documentaci\u00f3n sobre una fortificaci\u00f3n poco conocida del siglo XIV situada cerca del pueblo de Gori\u0161. Mediante el uso de esc\u00e1neres LiDAR y herramientas SIG, el estudio logr\u00f3 cartografiar m\u00e1s de 300 m\u00b2 de restos de murallas, lo que proporcion\u00f3 valiosa informaci\u00f3n sobre la funci\u00f3n estrat\u00e9gica y arquitect\u00f3nica de la fortaleza, construida originalmente por la comuna de \u0160ibenik durante el periodo de influencia veneciana.<\/p>\n\n\n\n<p class=\"eplus-wrapper\">Esta investigaci\u00f3n contribuye de manera significativa a la documentaci\u00f3n e interpretaci\u00f3n de los sistemas defensivos regionales y demuestra el valor de las tecnolog\u00edas no invasivas en la exploraci\u00f3n del patrimonio.<\/p>\n\n\n<div style=\"height:16px\" aria-hidden=\"true\" class=\"wp-block-spacer eplus-wrapper eplus-styles-uid-d2904a\"><\/div>\n\n\n<p class=\"eplus-wrapper\"><strong><strong><strong>Cristina Coscia<\/strong><\/strong><br><em>T\u00edtulo del art\u00edculo: <\/em><\/strong><em><em><em>Identidad y mejora de los itinerarios de los sistemas de fortificaci\u00f3n: el caso de Kostrzyn y el poder de la marca del patrimonio<\/em><\/em><\/em><\/p>\n\n\n\n<p class=\"eplus-wrapper\">Aunque no es miembro de Forte Cultura, el art\u00edculo de la profesora Coscia abord\u00f3 cuestiones fundamentales para los intereses de la red. Centr\u00e1ndose en el patrimonio fortificado de Kostrzyn (Polonia), miembro de FORTE CULTURA, analiz\u00f3 la marca del patrimonio, la construcci\u00f3n de la identidad y los procesos de valorizaci\u00f3n en el contexto de la participaci\u00f3n comunitaria y la sostenibilidad cultural. Tambi\u00e9n present\u00f3 las redes FORTE CULTURA y EFFORTS como un punto vital para el desarrollo sostenible de las regiones europeas con fortificaciones.<\/p>\n\n\n\n<p class=\"eplus-wrapper\">Su presentaci\u00f3n ofreci\u00f3 herramientas pr\u00e1cticas para gestionar los bienes del patrimonio inmaterial, especialmente en contextos posconflicto o posindustriales. Hizo hincapi\u00e9 en la necesidad de estrategias patrimoniales que respondan a los cambios sociales y culturales, apoyando los objetivos de desarrollo a largo plazo.<\/p>\n\n\n<div style=\"height:16px\" aria-hidden=\"true\" class=\"wp-block-spacer eplus-wrapper eplus-styles-uid-d2904a\"><\/div>\n\n\n<p class=\"eplus-wrapper\"><strong>Conclusi\u00f3n<\/strong><\/p>\n\n\n\n<p class=\"eplus-wrapper\">El Congreso FORTMED 2025 proporcion\u00f3 una plataforma de alto nivel para mostrar la investigaci\u00f3n interdisciplinaria sobre el patrimonio fortificado. Las contribuciones de los miembros y colaboradores de Forte Cultura reflejan el compromiso de la red con la innovaci\u00f3n, la cooperaci\u00f3n y las pr\u00e1cticas sostenibles en materia de patrimonio en toda Europa y m\u00e1s all\u00e1. Su trabajo refuerza el di\u00e1logo transnacional sobre las fortificaciones, no solo como estructuras hist\u00f3ricas, sino como componentes activos del paisaje cultural contempor\u00e1neo.<\/p>\n<\/div>\n<\/div>\n\n\n<p class=\"eplus-wrapper\"><\/p>","protected":false},"excerpt":{"rendered":"<p>El Congreso FORTMED 2025, dedicado al patrimonio de fortificaciones, se reuni\u00f3 en Caserta (Italia) con una importante participaci\u00f3n acad\u00e9mica: 411 asistentes y se presentaron 197 comunicaciones. <\/p>","protected":false},"author":1,"featured_media":2237,"comment_status":"open","ping_status":"open","sticky":false,"template":"","format":"standard","meta":{"editor_plus_copied_stylings":"{}","pgc_sgb_lightbox_settings":"","_price":"","_stock":"","_tribe_ticket_header":"","_tribe_default_ticket_provider":"","_tribe_ticket_capacity":"0","_ticket_start_date":"","_ticket_end_date":"","_tribe_ticket_show_description":"","_tribe_ticket_show_not_going":false,"_tribe_ticket_use_global_stock":"","_tribe_ticket_global_stock_level":"","_global_stock_mode":"","_global_stock_cap":"","_tribe_rsvp_for_event":"","_tribe_ticket_going_count":"","_tribe_ticket_not_going_count":"","_tribe_tickets_list":"[]","_tribe_ticket_has_attendee_info_fields":false,"_EventAllDay":false,"_EventTimezone":"","_EventStartDate":"","_EventEndDate":"","_EventStartDateUTC":"","_EventEndDateUTC":"","_EventShowMap":false,"_EventShowMapLink":false,"_EventURL":"","_EventCost":"","_EventCostDescription":"","_EventCurrencySymbol":"","_EventCurrencyCode":"","_EventCurrencyPosition":"","_EventDateTimeSeparator":"","_EventTimeRangeSeparator":"","_EventOrganizerID":[],"_EventVenueID":[],"_OrganizerEmail":"","_OrganizerPhone":"","_OrganizerWebsite":"","_VenueAddress":"","_VenueCity":"","_VenueCountry":"","_VenueProvince":"","_VenueState":"","_VenueZip":"","_VenuePhone":"","_VenueURL":"","_VenueStateProvince":"","_VenueLat":"","_VenueLng":"","_VenueShowMap":false,"_VenueShowMapLink":false,"footnotes":""},"categories":[68,17,100,8,54],"tags":[],"class_list":["post-2230","post","type-post","status-publish","format-standard","has-post-thumbnail","hentry","category-68","category-conference_articles","category-funding","category-network-2","category-science-blog"],"_links":{"self":[{"href":"https:\/\/www.forte-cultura.network\/es\/wp-json\/wp\/v2\/posts\/2230","targetHints":{"allow":["GET"]}}],"collection":[{"href":"https:\/\/www.forte-cultura.network\/es\/wp-json\/wp\/v2\/posts"}],"about":[{"href":"https:\/\/www.forte-cultura.network\/es\/wp-json\/wp\/v2\/types\/post"}],"author":[{"embeddable":true,"href":"https:\/\/www.forte-cultura.network\/es\/wp-json\/wp\/v2\/users\/1"}],"replies":[{"embeddable":true,"href":"https:\/\/www.forte-cultura.network\/es\/wp-json\/wp\/v2\/comments?post=2230"}],"version-history":[{"count":1,"href":"https:\/\/www.forte-cultura.network\/es\/wp-json\/wp\/v2\/posts\/2230\/revisions"}],"predecessor-version":[{"id":3246,"href":"https:\/\/www.forte-cultura.network\/es\/wp-json\/wp\/v2\/posts\/2230\/revisions\/3246"}],"wp:featuredmedia":[{"embeddable":true,"href":"https:\/\/www.forte-cultura.network\/es\/wp-json\/wp\/v2\/media\/2237"}],"wp:attachment":[{"href":"https:\/\/www.forte-cultura.network\/es\/wp-json\/wp\/v2\/media?parent=2230"}],"wp:term":[{"taxonomy":"category","embeddable":true,"href":"https:\/\/www.forte-cultura.network\/es\/wp-json\/wp\/v2\/categories?post=2230"},{"taxonomy":"post_tag","embeddable":true,"href":"https:\/\/www.forte-cultura.network\/es\/wp-json\/wp\/v2\/tags?post=2230"}],"curies":[{"name":"wp","href":"https:\/\/api.w.org\/{rel}","templated":true}]}}