{"id":3223,"date":"2025-10-30T08:00:00","date_gmt":"2025-10-30T07:00:00","guid":{"rendered":"https:\/\/www.forte-cultura.network\/?p=3223"},"modified":"2025-12-10T20:40:33","modified_gmt":"2025-12-10T19:40:33","slug":"castillos-y-torres-en-alicante","status":"publish","type":"post","link":"https:\/\/www.forte-cultura.network\/es\/castles-and-towers-in-alicante\/","title":{"rendered":"Nuevo Libro: Castillos y Torres de Alicante (ES)"},"content":{"rendered":"<div class=\"wp-block-columns alignwide eplus-wrapper is-layout-flex wp-container-core-columns-is-layout-28f84493 wp-block-columns-is-layout-flex eplus-styles-uid-8cf3b6\">\n<div class=\"wp-block-column eplus-wrapper is-layout-flow wp-block-column-is-layout-flow\">\n<p class=\"eplus-wrapper\"><em>Castillo de Castalla (11<sup>th<\/sup>-16<sup>th<\/sup> siglos). Foto: Manuel Vicedo.<\/em><\/p>\n\n\n\n<p class=\"eplus-wrapper\">Autores: Juan Antonio Mira Rico, Rafael Azuar Ruiz<\/p>\n\n\n\n<p class=\"eplus-wrapper\"><\/p>\n\n\n\n<p class=\"eplus-wrapper\">La din\u00e1mica hist\u00f3rica de la regi\u00f3n alicantina entre los siglos XI y XV se tradujo en la proliferaci\u00f3n de castillos y torres en las monta\u00f1as. Este periodo se caracteriz\u00f3 por la condici\u00f3n de la regi\u00f3n como territorio disputado con fronteras cambiantes, perteneciendo inicialmente a Al-Andalus y posteriormente a las coronas de Arag\u00f3n y Castilla.<\/p>\n\n\n\n<p class=\"eplus-wrapper\">Los castillos y torres representan un elemento fundamental en la caracterizaci\u00f3n del territorio alicantino, constituyendo un hito fundamental para comprender su paisaje cultural, su historia, su patrimonio cultural y su din\u00e1mica tur\u00edstica, extendi\u00e9ndose de norte a sur y de la costa al interior. Sin embargo, tras la p\u00e9rdida de su funci\u00f3n militar, estas fortalezas no escaparon al destino de la ruina. Este proceso de abandono se prolongar\u00eda durante siglos. No fue hasta la segunda mitad del siglo XX cuando se empez\u00f3 a reconocer su enorme valor patrimonial y, en los \u00faltimos a\u00f1os, muchos de ellos han sido restaurados y adaptados para los visitantes. De hecho, se han dado casos de reutilizaci\u00f3n de estas estructuras para usos diversos, incluidos, entre otros, espacios de exposici\u00f3n. Todo ello ha dado lugar a un conjunto patrimonial \u00fanico de gran inter\u00e9s que, con una planificaci\u00f3n adecuada y la integraci\u00f3n de nuevas tecnolog\u00edas, puede convertirse en un centro econ\u00f3mico y tur\u00edstico fundamental.<\/p>\n\n\n\n<p class=\"eplus-wrapper\">No es de extra\u00f1ar, por tanto, que hayan aparecido numerosas publicaciones dedicadas a la arquitectura defensiva en general y a los castillos y torres en particular. Estas publicaciones han servido para dar a conocer la historia y la arquitectura de estas estructuras y, en menor medida, los trabajos de conservaci\u00f3n y restauraci\u00f3n que se llevan a cabo en ellas.<\/p>\n\n\n\n<p class=\"eplus-wrapper\"><em>Castillos y torres de Alicante<\/em> (Castillos y Torres de Alicante) lleva, como era de prever, la divulgaci\u00f3n en su ADN. La presente obra, publicada en castellano y valenciano, contin\u00faa en la l\u00ednea divulgativa de los estudios anteriores, pero tambi\u00e9n presenta diferencias significativas. En este sentido, la obra no es una mera divulgaci\u00f3n arqueol\u00f3gica, arquitect\u00f3nica o hist\u00f3rica, sino una divulgaci\u00f3n patrimonial que pretende ir m\u00e1s all\u00e1 de los planteamientos arqueol\u00f3gicos, arquitect\u00f3nicos e hist\u00f3ricos convencionales, con el objetivo de ser \u00fatil a los interesados. En consecuencia, el libro se centra principalmente en las fortificaciones y torres medievales que cumplen los criterios para ser visitadas. En resumen, las estructuras est\u00e1n generalmente bien conservadas, sus horarios de visita son coherentes y est\u00e1n equipadas con diversas instalaciones patrimoniales que apoyan el estudio de su historia y arquitectura, as\u00ed como su valor patrimonial. A este respecto, se han excluido los edificios que no cumplen los criterios anteriores, que ya no existen o que no son de origen medieval, como las torres de vigilancia o las torres de jard\u00edn.<\/p>\n\n\n\n<p class=\"eplus-wrapper\"><\/p>\n\n\n\n<figure class=\"wp-block-image size-large eplus-wrapper\"><img loading=\"lazy\" decoding=\"async\" width=\"1024\" height=\"637\" src=\"https:\/\/www.forte-cultura.network\/wp-content\/uploads\/2025\/10\/Torre-de-les-Macanes-tower-late-12th-16th-centuries.-Author-Manuel-Vicedo-1024x637.jpg\" alt=\"\" class=\"wp-image-3280\" srcset=\"https:\/\/www.forte-cultura.network\/wp-content\/uploads\/2025\/10\/Torre-de-les-Macanes-tower-late-12th-16th-centuries.-Author-Manuel-Vicedo-1024x637.jpg 1024w, https:\/\/www.forte-cultura.network\/wp-content\/uploads\/2025\/10\/Torre-de-les-Macanes-tower-late-12th-16th-centuries.-Author-Manuel-Vicedo-300x187.jpg 300w, https:\/\/www.forte-cultura.network\/wp-content\/uploads\/2025\/10\/Torre-de-les-Macanes-tower-late-12th-16th-centuries.-Author-Manuel-Vicedo-768x478.jpg 768w, https:\/\/www.forte-cultura.network\/wp-content\/uploads\/2025\/10\/Torre-de-les-Macanes-tower-late-12th-16th-centuries.-Author-Manuel-Vicedo-1536x956.jpg 1536w, https:\/\/www.forte-cultura.network\/wp-content\/uploads\/2025\/10\/Torre-de-les-Macanes-tower-late-12th-16th-centuries.-Author-Manuel-Vicedo-18x12.jpg 18w, https:\/\/www.forte-cultura.network\/wp-content\/uploads\/2025\/10\/Torre-de-les-Macanes-tower-late-12th-16th-centuries.-Author-Manuel-Vicedo.jpg 1772w\" sizes=\"auto, (max-width: 1024px) 100vw, 1024px\" \/><figcaption class=\"wp-element-caption\"><em>Torre de les Ma\u00e7anes (finales del siglo XII)<sup>th<\/sup>-16<sup>th<\/sup> siglos). Foto: Manuel Vicedo.<\/em><\/figcaption><\/figure>\n\n\n\n<p class=\"eplus-wrapper\"><\/p>\n\n\n\n<p class=\"eplus-wrapper\">La informaci\u00f3n fundamental sobre los castillos y torres medievales, cuidadosamente organizada por regiones para facilitar las visitas, constituye el n\u00facleo de esta publicaci\u00f3n. Adem\u00e1s, los cap\u00edtulos de varios colaboradores tratan de su geograf\u00eda, caracter\u00edsticas arquitect\u00f3nicas e hist\u00f3ricas, gesti\u00f3n cultural, usos potenciales de la inform\u00e1tica y su importancia cultural y tur\u00edstica. La integraci\u00f3n de estas perspectivas es esencial para ofrecer una visi\u00f3n global e interdisciplinar, un enfoque que va m\u00e1s all\u00e1 de los an\u00e1lisis arqueol\u00f3gicos, arquitect\u00f3nicos e hist\u00f3ricos tradicionales.<\/p>\n\n\n\n<p class=\"eplus-wrapper\">Este m\u00e9todo ayuda a abordar cuestiones de larga data arraigadas en las tradiciones locales de castillos y torres, como la identidad de sus constructores, los motivos de su construcci\u00f3n, los fines de estas estructuras y los periodos durante los que se utilizaron. Tambi\u00e9n es crucial determinar los propietarios y las estructuras de propiedad actuales.<\/p>\n\n\n\n<p class=\"eplus-wrapper\">Adem\u00e1s, se ha elaborado un compendio de fichas descriptivas que ofrecen informaci\u00f3n detallada sobre las fortificaciones y torres existentes. Estas fichas se actualizan peri\u00f3dicamente para facilitar la planificaci\u00f3n de las visitas y profundizar en el conocimiento de estos artefactos culturales. Estas estructuras, como vestigios de nuestro pasado, encierran la promesa de un futuro significativo.<\/p>\n\n\n\n<p class=\"eplus-wrapper\">Enlace al libro en espa\u00f1ol: <a href=\"https:\/\/publicaciones.ua.es\/ca\/libro\/castillos-y-torres-de-alicante_158855\/\">https:\/\/publicaciones.ua.es\/ca\/libro\/castillos-y-torres-de-alicante_158855\/<\/a><\/p>\n\n\n\n<p class=\"eplus-wrapper\">Enlace al libro en valenciano: <a href=\"https:\/\/publicaciones.ua.es\/ca\/libro\/castells-i-torres-d-alacant_158849\/\">https:\/\/publicaciones.ua.es\/ca\/libro\/castells-i-torres-d-alacant_158849\/<\/a><\/p>\n\n\n\n<p class=\"eplus-wrapper\"><\/p>\n\n\n\n<figure class=\"wp-block-image size-large eplus-wrapper\"><img loading=\"lazy\" decoding=\"async\" width=\"727\" height=\"1024\" src=\"https:\/\/www.forte-cultura.network\/wp-content\/uploads\/2025\/10\/Cover.-Source-University-of-Alicante-e1761041430866-727x1024.jpg\" alt=\"\" class=\"wp-image-3279\" srcset=\"https:\/\/www.forte-cultura.network\/wp-content\/uploads\/2025\/10\/Cover.-Source-University-of-Alicante-e1761041430866-727x1024.jpg 727w, https:\/\/www.forte-cultura.network\/wp-content\/uploads\/2025\/10\/Cover.-Source-University-of-Alicante-e1761041430866-213x300.jpg 213w, https:\/\/www.forte-cultura.network\/wp-content\/uploads\/2025\/10\/Cover.-Source-University-of-Alicante-e1761041430866-768x1081.jpg 768w, https:\/\/www.forte-cultura.network\/wp-content\/uploads\/2025\/10\/Cover.-Source-University-of-Alicante-e1761041430866-9x12.jpg 9w, https:\/\/www.forte-cultura.network\/wp-content\/uploads\/2025\/10\/Cover.-Source-University-of-Alicante-e1761041430866.jpg 909w\" sizes=\"auto, (max-width: 727px) 100vw, 727px\" \/><\/figure>\n\n\n\n<p class=\"eplus-wrapper\"><\/p>\n\n\n\n<p class=\"eplus-wrapper\"><\/p>\n<\/div>\n<\/div>\n\n\n<p class=\"eplus-wrapper\"><\/p>","protected":false},"excerpt":{"rendered":"<p>La din\u00e1mica hist\u00f3rica de la regi\u00f3n de Alicante entre los siglos XI y XV dio lugar a la proliferaci\u00f3n de castillos y torres en las monta\u00f1as.<\/p>","protected":false},"author":3,"featured_media":3278,"comment_status":"open","ping_status":"open","sticky":false,"template":"","format":"standard","meta":{"editor_plus_copied_stylings":"{}","pgc_sgb_lightbox_settings":"","_price":"","_stock":"","_tribe_ticket_header":"","_tribe_default_ticket_provider":"","_tribe_ticket_capacity":"0","_ticket_start_date":"","_ticket_end_date":"","_tribe_ticket_show_description":"","_tribe_ticket_show_not_going":false,"_tribe_ticket_use_global_stock":"","_tribe_ticket_global_stock_level":"","_global_stock_mode":"","_global_stock_cap":"","_tribe_rsvp_for_event":"","_tribe_ticket_going_count":"","_tribe_ticket_not_going_count":"","_tribe_tickets_list":"[]","_tribe_ticket_has_attendee_info_fields":false,"_EventAllDay":false,"_EventTimezone":"","_EventStartDate":"","_EventEndDate":"","_EventStartDateUTC":"","_EventEndDateUTC":"","_EventShowMap":false,"_EventShowMapLink":false,"_EventURL":"","_EventCost":"","_EventCostDescription":"","_EventCurrencySymbol":"","_EventCurrencyCode":"","_EventCurrencyPosition":"","_EventDateTimeSeparator":"","_EventTimeRangeSeparator":"","_EventOrganizerID":[],"_EventVenueID":[],"_OrganizerEmail":"","_OrganizerPhone":"","_OrganizerWebsite":"","_VenueAddress":"","_VenueCity":"","_VenueCountry":"","_VenueProvince":"","_VenueState":"","_VenueZip":"","_VenuePhone":"","_VenueURL":"","_VenueStateProvince":"","_VenueLat":"","_VenueLng":"","_VenueShowMap":false,"_VenueShowMapLink":false,"footnotes":""},"categories":[68,99,6,54],"tags":[],"class_list":["post-3223","post","type-post","status-publish","format-standard","has-post-thumbnail","hentry","category-68","category-history","category-news","category-science-blog"],"_links":{"self":[{"href":"https:\/\/www.forte-cultura.network\/es\/wp-json\/wp\/v2\/posts\/3223","targetHints":{"allow":["GET"]}}],"collection":[{"href":"https:\/\/www.forte-cultura.network\/es\/wp-json\/wp\/v2\/posts"}],"about":[{"href":"https:\/\/www.forte-cultura.network\/es\/wp-json\/wp\/v2\/types\/post"}],"author":[{"embeddable":true,"href":"https:\/\/www.forte-cultura.network\/es\/wp-json\/wp\/v2\/users\/3"}],"replies":[{"embeddable":true,"href":"https:\/\/www.forte-cultura.network\/es\/wp-json\/wp\/v2\/comments?post=3223"}],"version-history":[{"count":18,"href":"https:\/\/www.forte-cultura.network\/es\/wp-json\/wp\/v2\/posts\/3223\/revisions"}],"predecessor-version":[{"id":4357,"href":"https:\/\/www.forte-cultura.network\/es\/wp-json\/wp\/v2\/posts\/3223\/revisions\/4357"}],"wp:featuredmedia":[{"embeddable":true,"href":"https:\/\/www.forte-cultura.network\/es\/wp-json\/wp\/v2\/media\/3278"}],"wp:attachment":[{"href":"https:\/\/www.forte-cultura.network\/es\/wp-json\/wp\/v2\/media?parent=3223"}],"wp:term":[{"taxonomy":"category","embeddable":true,"href":"https:\/\/www.forte-cultura.network\/es\/wp-json\/wp\/v2\/categories?post=3223"},{"taxonomy":"post_tag","embeddable":true,"href":"https:\/\/www.forte-cultura.network\/es\/wp-json\/wp\/v2\/tags?post=3223"}],"curies":[{"name":"wp","href":"https:\/\/api.w.org\/{rel}","templated":true}]}}