{"id":3367,"date":"2025-11-04T15:53:00","date_gmt":"2025-11-04T14:53:00","guid":{"rendered":"https:\/\/www.forte-cultura.network\/?p=3367"},"modified":"2025-11-22T13:26:54","modified_gmt":"2025-11-22T12:26:54","slug":"ohrid-mkd-gana-el-premio-ziva-2025","status":"publish","type":"post","link":"https:\/\/www.forte-cultura.network\/es\/ohrid-mkd-wins-ziva-award-2025\/","title":{"rendered":"Ohrid (MK) gana el Premio \u017diva 2025"},"content":{"rendered":"<div class=\"wp-block-columns alignwide eplus-wrapper is-layout-flex wp-container-core-columns-is-layout-28f84493 wp-block-columns-is-layout-flex eplus-styles-uid-4acbc8\">\n<div class=\"wp-block-column eplus-wrapper is-layout-flow wp-block-column-is-layout-flow\">\n<p class=\"eplus-wrapper\">Nos complace informarle de que <em>Instituto Nacional de Protecci\u00f3n de Monumentos Culturales y Museos - <\/em><a href=\"https:\/\/forte-cultura.com\/en\/ohrid-mkd\/\" data-type=\"link\" data-id=\"https:\/\/forte-cultura.com\/en\/ohrid-mkd\/\"><em><strong>Ohrid<\/strong><\/em><\/a> (miembro de FORTE CULTURA) es el ganador del prestigioso premio <strong>Premio \u017diva 2025<\/strong> al \u201cMejor Sitio del Patrimonio Eslavo\u201d. El premio fue recibido por el director, MA Goran Patchev. El reconocimiento honra el compromiso de preservar e interpretar tanto el patrimonio cultural como el natural de la regi\u00f3n de Ohrid, un lugar donde la historia humana y el entorno natural han estado entrelazados durante siglos.<\/p>\n\n\n\n<h3 class=\"wp-block-heading eplus-wrapper\">\u00bfQu\u00e9 son los Premios \u017diva?<\/h3>\n\n\n\n<p class=\"eplus-wrapper\">El Premio \u017diva al Mejor Museo Eslavo, que lleva el nombre de la diosa eslava \u017diva, s\u00edmbolo de la vida, la vitalidad y la fertilidad, fue creado en 2014 por la Fundaci\u00f3n Internacional FSK (Foro de las Culturas Eslavas). Fue una iniciativa de la directora del FSK, la Dra. Andreja Rihter, que tambi\u00e9n dirige el proyecto del Premio \u017diva. Desde entonces, los Premios \u017diva al Mejor Museo Eslavo y al Mejor Sitio Patrimonial Eslavo (introducidos en 2018) se han convertido en una plataforma cultural transnacional \u00fanica dedicada a promover la protecci\u00f3n, la conservaci\u00f3n, la educaci\u00f3n, la comunicaci\u00f3n y el papel social de los museos y sitios patrimoniales eslavos. En la actualidad, la red se ha convertido en una importante comunidad eslava que comprende casi 250 museos y sitios patrimoniales de 13 pa\u00edses eslavos.<\/p>\n\n\n\n<h3 class=\"wp-block-heading eplus-wrapper\">2025 Resultados<\/h3>\n\n\n\n<p class=\"eplus-wrapper\">El Foro de las Culturas Eslavas anuncia en Trebinje (Bosnia y Herzegovina) los ganadores de los Premios \u017diva 2025<\/p>\n\n\n<ul class=\"wp-block-list eplus-wrapper eplus-styles-uid-5d8f81\">\n<li class=\"eplus-wrapper\">El Premio \u017diva 2025 al Mejor Museo Eslavo se concedi\u00f3 a <em>Museo Croata de Historia Natural, Zagreb, Croacia<\/em><\/li>\n\n\n\n<li class=\"eplus-wrapper\">Premio \u017diva 2025 <strong>al Mejor Sitio de Patrimonio Eslavo <\/strong>se confiri\u00f3 a <strong><em>NI Instituto para la Protecci\u00f3n de<\/em> <em>Monumentos de la Cultura y Museo - Ohrid, Ohrid, Macedonia del Norte<\/em><\/strong><em>.<\/em><\/li>\n\n\n\n<li class=\"eplus-wrapper\">Menci\u00f3n de honor<strong> <\/strong>se concedi\u00f3 a <em>Lety u P\u00edsku. Monumento conmemorativo del Holocausto de los roman\u00edes y sinti en Bohemia, P\u00edsek, Rep\u00fablica Checa.<\/em><\/li>\n\n\n\n<li class=\"eplus-wrapper\">Se concedieron reconocimientos especiales a:<ul class=\"wp-block-list eplus-wrapper eplus-styles-uid-582365\">\n<li class=\"eplus-wrapper\"><em>Museo Conmemorativo Sybir, Bia\u0142ystok, Polonia<\/em>: por la creatividad<\/li>\n\n\n\n<li class=\"eplus-wrapper\"><em>Casa de los campaneros de Halubje, Vi\u0161kovo, Croacia<\/em>: por la sostenibilidad<\/li>\n\n\n\n<li class=\"eplus-wrapper\">R<em>Museo Regional de Pljevlja, Pljevlja, Montenegro<\/em>: para el liderazgo y la eficacia del equipo<\/li>\n\n\n\n<li class=\"eplus-wrapper\"><em>Museo de la Armer\u00eda del Castillo de Liw, Liw, Polonia<\/em>: por la atenci\u00f3n a los visitantes y la apertura<\/li>\n\n\n\n<li class=\"eplus-wrapper\"><em>Peque\u00f1o Museo de los C\u00e1rpatos en Pezinok, Pezinok, Eslovaquia: <\/em>para contar historias<\/li>\n<\/ul><\/li>\n<\/ul>\n\n\n<h3 class=\"wp-block-heading eplus-wrapper\">M\u00e1s informaci\u00f3n<\/h3>\n\n\n\n<figure class=\"wp-block-embed is-type-wp-embed eplus-wrapper\"><div class=\"wp-block-embed__wrapper\">\n<blockquote class=\"wp-embedded-content\" data-secret=\"KZquBP7bWy\"><a href=\"https:\/\/muzejohrid.mk\/the-forum-of-slavic-cultures-announces-the-winners-of-the-2025-ziva-awards-this-year-intrebinje-bosnia-and-herzegovina\/\">El Foro de las Culturas Eslavas anuncia los ganadores de los Premios \u017diva 2025 - este a\u00f1o enTrebinje, Bosnia y Herzegovina<\/a><\/blockquote><iframe loading=\"lazy\" class=\"wp-embedded-content\" sandbox=\"allow-scripts\" security=\"restricted\" style=\"position: absolute; visibility: hidden;\" title=\"\u201cEl Foro de las Culturas Eslavas anuncia los ganadores de los Premios \u017diva 2025 - este a\u00f1o enTrebinje, Bosnia y Herzegovina\u201d - \u041d\u0423 \u0417\u0430\u0432\u043e\u0434 \u0437\u0430 \u0437\u0430\u0448\u0442\u0438\u0442\u0430 \u043d\u0430 \u0441\u043f\u043e\u043c\u0435\u043d\u0438\u0446\u0438\u0442\u0435 \u043d\u0430 \u043a\u0443\u043b\u0442\u0443\u0440\u0430\u0442\u0430 \u0438 \u041c\u0443\u0437\u0435\u0458 - \u041e\u0445\u0440\u0438\u0434\" src=\"https:\/\/muzejohrid.mk\/the-forum-of-slavic-cultures-announces-the-winners-of-the-2025-ziva-awards-this-year-intrebinje-bosnia-and-herzegovina\/embed\/#?secret=nMR8XaJ947#?secret=KZquBP7bWy\" data-secret=\"KZquBP7bWy\" width=\"500\" height=\"282\" frameborder=\"0\" marginwidth=\"0\" marginheight=\"0\" scrolling=\"no\"><\/iframe>\n<\/div><\/figure>\n\n\n\n<figure class=\"wp-block-embed is-type-wp-embed is-provider-fsk-forum-slovanskih-kultur wp-block-embed-fsk-forum-slovanskih-kultur eplus-wrapper\"><div class=\"wp-block-embed__wrapper\">\n<blockquote class=\"wp-embedded-content\" data-secret=\"7PHYVGWplG\"><a href=\"https:\/\/www.fsk.si\/the-winners-of-the-ziva-25-award\/\">Los ganadores del Premio \u017diva 2025<\/a><\/blockquote><iframe loading=\"lazy\" class=\"wp-embedded-content\" sandbox=\"allow-scripts\" security=\"restricted\" style=\"position: absolute; visibility: hidden;\" title=\"\u201cLos ganadores del Premio \u017diva 2025\u201d - FSK - forum slovanskih kultur\" src=\"https:\/\/www.fsk.si\/the-winners-of-the-ziva-25-award\/embed\/#?secret=LVgnp6QnPO#?secret=7PHYVGWplG\" data-secret=\"7PHYVGWplG\" width=\"500\" height=\"282\" frameborder=\"0\" marginwidth=\"0\" marginheight=\"0\" scrolling=\"no\"><\/iframe>\n<\/div><\/figure>\n\n\n\n<p class=\"eplus-wrapper\">Equipo del blog FORTE CULTURA<\/p>\n\n\n\n<p class=\"eplus-wrapper\"><\/p>\n<\/div>\n<\/div>\n\n\n<p class=\"eplus-wrapper\"><\/p>","protected":false},"excerpt":{"rendered":"<p>Nos complace informarles de que el Instituto Nacional de Protecci\u00f3n de Monumentos Culturales y Museos de Ohrid (miembro de FORTE CULTURA) es el ganador del prestigioso Premio \u017diva 2025 al \u201cMejor Sitio del Patrimonio Eslavo\u201d.<\/p>","protected":false},"author":3,"featured_media":3371,"comment_status":"open","ping_status":"open","sticky":false,"template":"","format":"standard","meta":{"editor_plus_copied_stylings":"{}","pgc_sgb_lightbox_settings":"","_price":"","_stock":"","_tribe_ticket_header":"","_tribe_default_ticket_provider":"","_tribe_ticket_capacity":"0","_ticket_start_date":"","_ticket_end_date":"","_tribe_ticket_show_description":"","_tribe_ticket_show_not_going":false,"_tribe_ticket_use_global_stock":"","_tribe_ticket_global_stock_level":"","_global_stock_mode":"","_global_stock_cap":"","_tribe_rsvp_for_event":"","_tribe_ticket_going_count":"","_tribe_ticket_not_going_count":"","_tribe_tickets_list":"[]","_tribe_ticket_has_attendee_info_fields":false,"_EventAllDay":false,"_EventTimezone":"","_EventStartDate":"","_EventEndDate":"","_EventStartDateUTC":"","_EventEndDateUTC":"","_EventShowMap":false,"_EventShowMapLink":false,"_EventURL":"","_EventCost":"","_EventCostDescription":"","_EventCurrencySymbol":"","_EventCurrencyCode":"","_EventCurrencyPosition":"","_EventDateTimeSeparator":"","_EventTimeRangeSeparator":"","_EventOrganizerID":[],"_EventVenueID":[],"_OrganizerEmail":"","_OrganizerPhone":"","_OrganizerWebsite":"","_VenueAddress":"","_VenueCity":"","_VenueCountry":"","_VenueProvince":"","_VenueState":"","_VenueZip":"","_VenuePhone":"","_VenueURL":"","_VenueStateProvince":"","_VenueLat":"","_VenueLng":"","_VenueShowMap":false,"_VenueShowMapLink":false,"footnotes":""},"categories":[68,107,9,10,94],"tags":[],"class_list":["post-3367","post","type-post","status-publish","format-standard","has-post-thumbnail","hentry","category-68","category-awards","category-from-the-member-stations","category-stations","category-ohrid"],"_links":{"self":[{"href":"https:\/\/www.forte-cultura.network\/es\/wp-json\/wp\/v2\/posts\/3367","targetHints":{"allow":["GET"]}}],"collection":[{"href":"https:\/\/www.forte-cultura.network\/es\/wp-json\/wp\/v2\/posts"}],"about":[{"href":"https:\/\/www.forte-cultura.network\/es\/wp-json\/wp\/v2\/types\/post"}],"author":[{"embeddable":true,"href":"https:\/\/www.forte-cultura.network\/es\/wp-json\/wp\/v2\/users\/3"}],"replies":[{"embeddable":true,"href":"https:\/\/www.forte-cultura.network\/es\/wp-json\/wp\/v2\/comments?post=3367"}],"version-history":[{"count":10,"href":"https:\/\/www.forte-cultura.network\/es\/wp-json\/wp\/v2\/posts\/3367\/revisions"}],"predecessor-version":[{"id":3420,"href":"https:\/\/www.forte-cultura.network\/es\/wp-json\/wp\/v2\/posts\/3367\/revisions\/3420"}],"wp:featuredmedia":[{"embeddable":true,"href":"https:\/\/www.forte-cultura.network\/es\/wp-json\/wp\/v2\/media\/3371"}],"wp:attachment":[{"href":"https:\/\/www.forte-cultura.network\/es\/wp-json\/wp\/v2\/media?parent=3367"}],"wp:term":[{"taxonomy":"category","embeddable":true,"href":"https:\/\/www.forte-cultura.network\/es\/wp-json\/wp\/v2\/categories?post=3367"},{"taxonomy":"post_tag","embeddable":true,"href":"https:\/\/www.forte-cultura.network\/es\/wp-json\/wp\/v2\/tags?post=3367"}],"curies":[{"name":"wp","href":"https:\/\/api.w.org\/{rel}","templated":true}]}}