{"id":1325,"date":"2024-06-04T14:01:42","date_gmt":"2024-06-04T12:01:42","guid":{"rendered":"https:\/\/www.forte-cultura.network\/?p=1325"},"modified":"2025-04-21T12:28:53","modified_gmt":"2025-04-21T10:28:53","slug":"forte-cultura-donation-pour-lukraine","status":"publish","type":"post","link":"https:\/\/www.forte-cultura.network\/fr\/forte-cultura-spende-fuer-die-ukraine\/","title":{"rendered":"Don de FORTE CULTURA pour l'Ukraine"},"content":{"rendered":"<p class=\"has-small-font-size eplus-wrapper\"><em><em>Photo : Dirk R\u00f6der, vice-pr\u00e9sident de FORTE CULTURA et directeur de l'itin\u00e9raire culturel, remet un cahier \u00e0 Oleh Pohorilets, directeur de la forteresse de Medzhybizh (UA).<\/em><\/em><\/p>\n\n\n\n<p class=\"eplus-wrapper\">Depuis le d\u00e9but de la guerre d'agression russe en Ukraine, FORTE CULTURA a soutenu ses partenaires ukrainiens par le biais de diverses activit\u00e9s. Par exemple, une campagne de collecte de fonds sur <a href=\"https:\/\/www.betterplace.org\/de\/projects\/122839-kulturerbe-in-der-ukraine-vor-kriegsfolgen-schuetzen?utm_source=project_widget&amp;utm_medium=project_122839&amp;utm_campaign=widget\" target=\"_blank\" rel=\"noreferrer noopener\"><strong>betterplace.org<\/strong><\/a> a \u00e9t\u00e9 lanc\u00e9e pour financer l'\u00e9quipement dont la forteresse de Medzhybizh a besoin d'urgence afin de prot\u00e9ger son patrimoine culturel des effets de la guerre. En outre, le personnel et les b\u00e9n\u00e9voles de Medzhybizh travaillent sans rel\u00e2che pour soutenir leurs compatriotes dans toutes les situations et pour offrir un mus\u00e9e vari\u00e9 et un programme pratique dans la forteresse historique, en particulier pour les enfants et les invalides de guerre.<\/p>\n\n\n\n<p class=\"eplus-wrapper\">Au printemps 2024, les premiers dons de la campagne FORTE CULTURA ont \u00e9t\u00e9 utilis\u00e9s pour acheter un ordinateur portable, qui a maintenant \u00e9t\u00e9 remis \u00e0 Oleh Pohorilets, directeur de la forteresse de Medzhybizh (UA), par Dirk R\u00f6der, vice-pr\u00e9sident de FORTE CULTURA et directeur de l'itin\u00e9raire culturel. Le carnet est n\u00e9cessaire pour le travail administratif \u00e0 Medzhybizh.<\/p>\n\n\n\n<p class=\"eplus-wrapper\">Oleh Pohorilets a soulign\u00e9 qu'en raison de la situation actuelle en Ukraine, de nombreuses institutions d\u00e9pendent de cette aide europ\u00e9enne, qu'elle soit petite ou grande. Il a remerci\u00e9 \"ses amis de FORTE CULTURA pour leur grand engagement\".<\/p>\n\n\n\n<p class=\"eplus-wrapper\">La r\u00e9union a eu lieu dans l'administration de la ville de Kostrzyn nad Odra (PL), \u00e0 la fronti\u00e8re germano-polonaise, o\u00f9 FORTE CULTURA a \u00e9t\u00e9 fond\u00e9e. La ville de Kostrzyn nad Odra s'est fortement engag\u00e9e \u00e0 aider l'Ukraine. Le maire Andrzej Kunt, \u00e9galement pr\u00e9sident honoraire de FORTE CULTURA, et Agnieszka Zurawska-Tatala, vice-pr\u00e9sidente de FORTE CULTURA, ont \u00e9galement particip\u00e9 \u00e0 la r\u00e9union pour discuter des futures activit\u00e9s communes.<\/p>\n\n\n\n<figure class=\"wp-block-image size-large eplus-wrapper\"><img loading=\"lazy\" decoding=\"async\" width=\"1024\" height=\"768\" src=\"https:\/\/www.forte-cultura.network\/wp-content\/uploads\/2024\/06\/IMG-20240604b-1024x768.jpg\" alt=\"\" class=\"wp-image-1328\" srcset=\"https:\/\/www.forte-cultura.network\/wp-content\/uploads\/2024\/06\/IMG-20240604b-1024x768.jpg 1024w, https:\/\/www.forte-cultura.network\/wp-content\/uploads\/2024\/06\/IMG-20240604b-300x225.jpg 300w, https:\/\/www.forte-cultura.network\/wp-content\/uploads\/2024\/06\/IMG-20240604b-768x576.jpg 768w, https:\/\/www.forte-cultura.network\/wp-content\/uploads\/2024\/06\/IMG-20240604b-1536x1152.jpg 1536w, https:\/\/www.forte-cultura.network\/wp-content\/uploads\/2024\/06\/IMG-20240604b-16x12.jpg 16w, https:\/\/www.forte-cultura.network\/wp-content\/uploads\/2024\/06\/IMG-20240604b.jpg 2000w\" sizes=\"auto, (max-width: 1024px) 100vw, 1024px\" \/><\/figure>\n\n\n\n<p class=\"has-small-font-size eplus-wrapper\"><em><em>De gauche \u00e0 droite : Dr Andrzej Kunt, maire de Kostrzyn nad Odra et pr\u00e9sident d'honneur de FORTE CULTURA ; Oleh Pohorilets, directeur de la forteresse de Medzhybizh ; Agnieszka Zurawska-Tatala, ville de Kosztrzyn nad Odra et vice-pr\u00e9sidente de FORTE CULTURA ; Dirk R\u00f6der, vice-pr\u00e9sident de FORTE CULTURA et directeur de l'itin\u00e9raire culturel.<\/em><\/em><\/p>\n\n\n\n<p class=\"eplus-wrapper\">La campagne de collecte de fonds de FORTE CULTURA se poursuit, mais nous avons besoin de beaucoup plus d'aide de toute urgence. Aidez-nous \u00e0 aider nos partenaires en Ukraine<strong> <a href=\"https:\/\/www.betterplace.org\/de\/projects\/122839-kulturerbe-in-der-ukraine-vor-kriegsfolgen-schuetzen&amp;#39\" target=\"_blank\" rel=\"noreferrer noopener\">en faisant un don ici<\/a>. Je vous remercie de votre attention.<\/strong><\/p>\n\n\n\n<p class=\"eplus-wrapper\"><\/p>\n\n\n\n<p class=\"eplus-wrapper\"><\/p>\n\n\n\n<div class=\"eplus-wrapper wp-block-group alignfull has-background has-global-padding is-layout-constrained wp-container-core-group-is-layout-b673cb31 wp-block-group-is-layout-constrained\" style=\"background:linear-gradient(180deg,rgb(0,87,184) 0%,rgb(255,215,0) 100%);margin-top:0;margin-bottom:0;padding-top:var(--wp--preset--spacing--30);padding-right:var(--wp--preset--spacing--50);padding-bottom:var(--wp--preset--spacing--30);padding-left:var(--wp--preset--spacing--50)\">\n<div class=\"eplus-wrapper wp-block-group alignwide has-base-background-color has-background has-global-padding is-layout-constrained wp-container-core-group-is-layout-efb6bcc5 wp-block-group-is-layout-constrained\" style=\"border-radius:16px;padding-top:var(--wp--preset--spacing--20);padding-right:var(--wp--preset--spacing--50);padding-bottom:var(--wp--preset--spacing--20);padding-left:var(--wp--preset--spacing--50)\"><div class=\"eplus-wrapper wp-block-columns alignwide are-vertically-aligned-center is-layout-flex wp-container-core-columns-is-layout-53408638 wp-block-columns-is-layout-flex eplus-styles-uid-23b3dd\" style=\"margin-top:var(--wp--preset--spacing--20);margin-bottom:0;padding-top:0;padding-right:0;padding-bottom:0;padding-left:0\">\n<div class=\"eplus-wrapper wp-block-column is-vertically-aligned-center is-layout-flow wp-container-core-column-is-layout-040789e5 wp-block-column-is-layout-flow\" style=\"padding-right:0;padding-left:0;flex-basis:60%\">\n<h2 class=\"eplus-wrapper wp-block-heading alignwide has-text-align-left has-x-large-font-size\" style=\"margin-bottom:var(--wp--preset--spacing--30)\">Prot\u00e9ger le patrimoine culturel de l'Ukraine des cons\u00e9quences de la guerre<\/h2>\n\n\n\n<p class=\"eplus-wrapper\">Nous soutenons la forteresse de nos membres <strong><a href=\"https:\/\/forte-cultura.net\/\/Ansicht\/getData\/89\" target=\"_blank\" rel=\"noreferrer noopener\">Medzhybizh<\/a><\/strong> avec des dons en nature urgents pour prot\u00e9ger les biens culturels des cons\u00e9quences de la guerre.<\/p>\n\n\n\n<p class=\"eplus-wrapper\">Nous avons lanc\u00e9 une campagne de collecte de fonds \u00e0 cette fin. Cliquez sur le bouton vert pour en savoir plus et nous soutenir par votre don.<\/p>\n<\/div>\n\n\n\n<div class=\"eplus-wrapper wp-block-column is-vertically-aligned-center is-layout-flow wp-block-column-is-layout-flow\" style=\"flex-basis:40%\">\n<iframe loading=\"lazy\" frameborder=\"0\" marginheight=\"0\" marginwidth=\"10\" src=\"https:\/\/www.betterplace-widget.org\/projects\/122839?l=de\" width=\"100%\" height=\"320\" style=\"border: 0; padding:10; margin:10;\">Informer et d&eacute;penser : &lt;a href=&quot;\/fr\/&rsquo;https:\/\/www.betterplace.org\/de\/projects\/122839-kulturerbe-in-der-ukraine-vor-kriegsfolgen-schuetzen&rsquo;\/&quot; target=&quot;&rsquo;_blank&rsquo;&quot;&gt;&quot;Les cultures de l&#039;Ukraine avant les guerres s&#039;effondrent&quot;.&lt;\/a&gt; sur betterplace.org.<\/iframe>\n<\/div>\n<\/div>\n\n\n<div style=\"height:var(--wp--preset--spacing--10)\" aria-hidden=\"true\" class=\"eplus-wrapper wp-block-spacer\"><\/div>\n<\/div>\n<\/div>","protected":false},"excerpt":{"rendered":"<p>FORTE CULTURA fait don d'un cahier \u00e0 la forteresse partenaire de Medzhybizh en Ukraine.<\/p>","protected":false},"author":1,"featured_media":1326,"comment_status":"open","ping_status":"open","sticky":false,"template":"","format":"standard","meta":{"editor_plus_copied_stylings":"{}","pgc_sgb_lightbox_settings":"","_price":"","_stock":"","_tribe_ticket_header":"","_tribe_default_ticket_provider":"","_tribe_ticket_capacity":"0","_ticket_start_date":"","_ticket_end_date":"","_tribe_ticket_show_description":"","_tribe_ticket_show_not_going":false,"_tribe_ticket_use_global_stock":"","_tribe_ticket_global_stock_level":"","_global_stock_mode":"","_global_stock_cap":"","_tribe_rsvp_for_event":"","_tribe_ticket_going_count":"","_tribe_ticket_not_going_count":"","_tribe_tickets_list":"[]","_tribe_ticket_has_attendee_info_fields":false,"_EventAllDay":false,"_EventTimezone":"","_EventStartDate":"","_EventEndDate":"","_EventStartDateUTC":"","_EventEndDateUTC":"","_EventShowMap":false,"_EventShowMapLink":false,"_EventURL":"","_EventCost":"","_EventCostDescription":"","_EventCurrencySymbol":"","_EventCurrencyCode":"","_EventCurrencyPosition":"","_EventDateTimeSeparator":"","_EventTimeRangeSeparator":"","_EventOrganizerID":[],"_EventVenueID":[],"_OrganizerEmail":"","_OrganizerPhone":"","_OrganizerWebsite":"","_VenueAddress":"","_VenueCity":"","_VenueCountry":"","_VenueProvince":"","_VenueState":"","_VenueZip":"","_VenuePhone":"","_VenueURL":"","_VenueStateProvince":"","_VenueLat":"","_VenueLng":"","_VenueShowMap":false,"_VenueShowMapLink":false,"footnotes":""},"categories":[38,1,58,31,6],"tags":[59],"class_list":["post-1325","post","type-post","status-publish","format-standard","has-post-thumbnail","hentry","category-38","category-general-2","category-kostrzyn-nad-odra","category-medzhybizh","category-news","tag-ukraine"],"_links":{"self":[{"href":"https:\/\/www.forte-cultura.network\/fr\/wp-json\/wp\/v2\/posts\/1325","targetHints":{"allow":["GET"]}}],"collection":[{"href":"https:\/\/www.forte-cultura.network\/fr\/wp-json\/wp\/v2\/posts"}],"about":[{"href":"https:\/\/www.forte-cultura.network\/fr\/wp-json\/wp\/v2\/types\/post"}],"author":[{"embeddable":true,"href":"https:\/\/www.forte-cultura.network\/fr\/wp-json\/wp\/v2\/users\/1"}],"replies":[{"embeddable":true,"href":"https:\/\/www.forte-cultura.network\/fr\/wp-json\/wp\/v2\/comments?post=1325"}],"version-history":[{"count":0,"href":"https:\/\/www.forte-cultura.network\/fr\/wp-json\/wp\/v2\/posts\/1325\/revisions"}],"wp:featuredmedia":[{"embeddable":true,"href":"https:\/\/www.forte-cultura.network\/fr\/wp-json\/wp\/v2\/media\/1326"}],"wp:attachment":[{"href":"https:\/\/www.forte-cultura.network\/fr\/wp-json\/wp\/v2\/media?parent=1325"}],"wp:term":[{"taxonomy":"category","embeddable":true,"href":"https:\/\/www.forte-cultura.network\/fr\/wp-json\/wp\/v2\/categories?post=1325"},{"taxonomy":"post_tag","embeddable":true,"href":"https:\/\/www.forte-cultura.network\/fr\/wp-json\/wp\/v2\/tags?post=1325"}],"curies":[{"name":"wp","href":"https:\/\/api.w.org\/{rel}","templated":true}]}}