{"id":229,"date":"2023-09-09T11:45:00","date_gmt":"2023-09-09T09:45:00","guid":{"rendered":"https:\/\/www.forte-cultura.network\/?p=229"},"modified":"2025-12-10T20:02:27","modified_gmt":"2025-12-10T19:02:27","slug":"rasnov-ro-seminaire-ateliers-et-un-festival-medieval","status":"publish","type":"post","link":"https:\/\/www.forte-cultura.network\/fr\/rasnov-ro-seminar-workshops-und-ein-mittelalterfestival\/","title":{"rendered":"R\u00e2\u0219nov (RO) : s\u00e9minaire, ateliers et festival m\u00e9di\u00e9val"},"content":{"rendered":"<p class=\"eplus-wrapper\">Un festival m\u00e9di\u00e9val \u00e0 la forteresse de R\u00e2\u0219nov a \u00e9t\u00e9 l'occasion d'un s\u00e9minaire cr\u00e9atif international avec des ateliers, visant \u00e0 d\u00e9velopper des mod\u00e8les d'utilisation et de gestion durables pour la forteresse, qui est actuellement en cours de r\u00e9novation. 30 participants de 8 pays ont profit\u00e9 de l'excellente organisation de cet \u00e9v\u00e9nement (organis\u00e9 par Mioritics, Hands on History et la ville de R\u00e2\u0219nov) pour \u00e9tablir de nouveaux contacts et s'engager dans un \u00e9change interculturel intensif d'exp\u00e9riences et de meilleures pratiques, y compris des repr\u00e9sentants de la forteresse culturelle de \u0160ibenik (HR) et de FORTE CULTURA.<\/p>\n\n\n\n<p class=\"eplus-wrapper\">Le festival m\u00e9di\u00e9val qui a suivi, avec des groupes de reconstitution venus de Norv\u00e8ge, de Su\u00e8de et de Finlande, a permis au public de se plonger dans l'histoire europ\u00e9enne dans un lieu fascinant.<\/p>","protected":false},"excerpt":{"rendered":"<p>A medieval festival at R\u00e2\u0219nov Fortress was the occasion for an international creative seminar with workshops, aimed at developing sustainable usage and management models for the fortress, which is currently [&hellip;]<\/p>\n","protected":false},"author":1,"featured_media":223,"comment_status":"open","ping_status":"open","sticky":false,"template":"","format":"standard","meta":{"editor_plus_copied_stylings":"{}","pgc_sgb_lightbox_settings":"","_price":"","_stock":"","_tribe_ticket_header":"","_tribe_default_ticket_provider":"","_tribe_ticket_capacity":"0","_ticket_start_date":"","_ticket_end_date":"","_tribe_ticket_show_description":"","_tribe_ticket_show_not_going":false,"_tribe_ticket_use_global_stock":"","_tribe_ticket_global_stock_level":"","_global_stock_mode":"","_global_stock_cap":"","_tribe_rsvp_for_event":"","_tribe_ticket_going_count":"","_tribe_ticket_not_going_count":"","_tribe_tickets_list":"[]","_tribe_ticket_has_attendee_info_fields":false,"_EventAllDay":false,"_EventTimezone":"","_EventStartDate":"","_EventEndDate":"","_EventStartDateUTC":"","_EventEndDateUTC":"","_EventShowMap":false,"_EventShowMapLink":false,"_EventURL":"","_EventCost":"","_EventCostDescription":"","_EventCurrencySymbol":"","_EventCurrencyCode":"","_EventCurrencyPosition":"","_EventDateTimeSeparator":"","_EventTimeRangeSeparator":"","_EventOrganizerID":[],"_EventVenueID":[],"_OrganizerEmail":"","_OrganizerPhone":"","_OrganizerWebsite":"","_VenueAddress":"","_VenueCity":"","_VenueCountry":"","_VenueProvince":"","_VenueState":"","_VenueZip":"","_VenuePhone":"","_VenueURL":"","_VenueStateProvince":"","_VenueLat":"","_VenueLng":"","_VenueShowMap":false,"_VenueShowMapLink":false,"footnotes":""},"categories":[7,17,9,10,6,16],"tags":[],"class_list":["post-229","post","type-post","status-publish","format-standard","has-post-thumbnail","hentry","category-7","category-conference_articles","category-from-the-member-stations","category-stations","category-news","category-rasnov"],"_links":{"self":[{"href":"https:\/\/www.forte-cultura.network\/fr\/wp-json\/wp\/v2\/posts\/229","targetHints":{"allow":["GET"]}}],"collection":[{"href":"https:\/\/www.forte-cultura.network\/fr\/wp-json\/wp\/v2\/posts"}],"about":[{"href":"https:\/\/www.forte-cultura.network\/fr\/wp-json\/wp\/v2\/types\/post"}],"author":[{"embeddable":true,"href":"https:\/\/www.forte-cultura.network\/fr\/wp-json\/wp\/v2\/users\/1"}],"replies":[{"embeddable":true,"href":"https:\/\/www.forte-cultura.network\/fr\/wp-json\/wp\/v2\/comments?post=229"}],"version-history":[{"count":1,"href":"https:\/\/www.forte-cultura.network\/fr\/wp-json\/wp\/v2\/posts\/229\/revisions"}],"predecessor-version":[{"id":4331,"href":"https:\/\/www.forte-cultura.network\/fr\/wp-json\/wp\/v2\/posts\/229\/revisions\/4331"}],"wp:featuredmedia":[{"embeddable":true,"href":"https:\/\/www.forte-cultura.network\/fr\/wp-json\/wp\/v2\/media\/223"}],"wp:attachment":[{"href":"https:\/\/www.forte-cultura.network\/fr\/wp-json\/wp\/v2\/media?parent=229"}],"wp:term":[{"taxonomy":"category","embeddable":true,"href":"https:\/\/www.forte-cultura.network\/fr\/wp-json\/wp\/v2\/categories?post=229"},{"taxonomy":"post_tag","embeddable":true,"href":"https:\/\/www.forte-cultura.network\/fr\/wp-json\/wp\/v2\/tags?post=229"}],"curies":[{"name":"wp","href":"https:\/\/api.w.org\/{rel}","templated":true}]}}