{"id":4085,"date":"2025-12-30T14:00:00","date_gmt":"2025-12-30T13:00:00","guid":{"rendered":"https:\/\/www.forte-cultura.network\/?p=4085"},"modified":"2025-12-30T16:28:29","modified_gmt":"2025-12-30T15:28:29","slug":"gizycko-pl-ltpl00354-fort-union-cross-border-interreg-project","status":"publish","type":"post","link":"https:\/\/www.forte-cultura.network\/fr\/gizycko-pl-ltpl00354-fort-union-cross-border-interreg-project\/","title":{"rendered":"Gi\u017cycko (PL) : LTPL00354 FORT-UNION \u2013 projet transfrontalier Interreg"},"content":{"rendered":"<div class=\"wp-block-columns alignwide eplus-wrapper is-layout-flex wp-container-core-columns-is-layout-28f84493 wp-block-columns-is-layout-flex eplus-styles-uid-729693\">\n<div class=\"wp-block-column eplus-wrapper is-layout-flow wp-block-column-is-layout-flow\">\n<p class=\" eplus-wrapper\">Author: Jagoda \u017belisko<\/p>\n\n\n\n<p class=\" eplus-wrapper\">The cross-border interreg project FORT\u2011UNION is carried out by a coalition of partners: Municipality of Gi\u017cycko, Kaunas City Municipal Administration, Kaunas Fortress Park, Army Museum in Bia\u0142ystok, Boyen Fortress in Gi\u017cycko, Var\u0117na District Municipality and associated organizations: Biebrza National Park, and Var\u0117na\u2019s Entrepreneurship Education Centre (among others).\u00a0<\/p>\n\n\n\n<p class=\" eplus-wrapper\">The project runs for 36 months \u2014 from 1 June 2025 to 31 May 2028. Its total budget is \u20ac5,089,545.20, of which \u20ac4,071,636.14 is financed by the Interreg VI-A Lithuania-Poland Programme, and the remainder comes from other public contributions.<\/p>\n\n\n\n<h2 class=\" wp-block-heading eplus-wrapper\">What FORT-UNION Is About: A Network of Historic Fortresses for Tourism<\/h2>\n\n\n\n<p class=\" eplus-wrapper\">FORT-UNION aim is creating a network of cooperation and a common brand \u201eFORT \u2013 UNION\u201d in the cross-border area of Lithuania and Poland within the framework of the development of sustainable tourism products of Gizycko, Kaunas, Bialystok, Varena and Osowiec Fortress with the use of World War I fortification objects and related historical, natural and cultural heritage, in order to promote and popularize the area, affecting the improvement of the well-being of the cross-border community.<\/p>\n\n\n\n<p class=\" eplus-wrapper\">The main goals include:<\/p>\n\n\n<ul class=\" wp-block-list eplus-wrapper eplus-styles-uid-a5ad54\">\n<li class=\" eplus-wrapper\">Promoting cross-border cooperation and cultural integration \u2014 leveraging shared heritage and natural landscapes to strengthen regional ties and support local communities.<\/li>\n\n\n\n<li class=\" eplus-wrapper\">Preserving and revitalizing former World War I fortifications \u2014 converting historical barracks, forts and military sites into accessible cultural and tourist destinations.<\/li>\n\n\n\n<li class=\" eplus-wrapper\">Creating a sustainable tourism offering: this includes restoring and adapting fortress sites (e.g. renovating Barracks No. 1 at Boyen Fortress, Fort No. 4 in Kaunas, and military-heritage exhibition at the Army Museum in Bia\u0142ystok), establishing tourist trails, digital tools (3D models, virtual\/augmented-reality tours), cultural-educational programs, and a common website\/platform under the \u201cFORT-UNION\u201d brand.<\/li>\n<\/ul>\n\n\n<h2 class=\" wp-block-heading eplus-wrapper\">First Milestones: Renovation and Festival Kick-off<\/h2>\n\n\n\n<p class=\" eplus-wrapper\">In October 2025, a contract was signed for the renovation of Barracks No. 1 and courtyard at Boyen Fortress under FORT-UNION. The renovation contract was worth 7,694,880 PLN (gross), with about 80% co-funded by the EU. Works are scheduled to complete by early 2027.\u00a0<\/p>\n\n\n\n<p class=\" eplus-wrapper\">In September 2025, the first joint event under the project \u2014 the Fort\u2011Union Festival \u2014 took place in Kaunas. The festival featured historical-reconstruction performances, cultural heritage exhibitions, workshops, photo exhibitions, fortress tours, and public visits to fortress sites, marking a symbolic start of the cross-border cooperation.<\/p>\n\n\n\n<figure class=\"wp-embed-aspect-16-9 wp-has-aspect-ratio wp-block-embed is-type-video is-provider-youtube wp-block-embed-youtube eplus-wrapper\"><div class=\"wp-block-embed__wrapper\">\n<iframe loading=\"lazy\" title=\"FORT-UNION\" width=\"500\" height=\"281\" src=\"https:\/\/www.youtube.com\/embed\/JNTVE0ganY0?feature=oembed\" frameborder=\"0\" allow=\"accelerometer; autoplay; clipboard-write; encrypted-media; gyroscope; picture-in-picture; web-share\" referrerpolicy=\"strict-origin-when-cross-origin\" allowfullscreen><\/iframe>\n<\/div><\/figure>\n\n\n\n<p class=\" eplus-wrapper\">See more at: <a href=\"http:\/\/www.fort-union.eu\">www.fort-union.eu<\/a>\u00a0 | <a href=\"https:\/\/www.facebook.com\/fortunioneu\/\">https:\/\/www.facebook.com\/fortunioneu\/<\/a><\/p>\n\n\n<div class=\"pgc-sgb-cb wp-block-pgcsimplygalleryblock-masonry \" data-gallery-id=\"29c24186\"><div class=\"sgb-preloader\" id=\"pr_29c24186\">\n\t<div class=\"sgb-square\" style=\"background:#d4d4d4\"><\/div>\n\t<div class=\"sgb-square\" style=\"background:#d4d4d4\"><\/div>\n\t<div class=\"sgb-square\" style=\"background:#d4d4d4\"><\/div>\n\t<div class=\"sgb-square\" style=\"background:#d4d4d4\"><\/div><\/div><div class=\"simply-gallery-amp pgc_sgb_slider \"><noscript><div class=\"sgb-gallery\"><div class=\"sgb-item\"><a href=\"https:\/\/www.forte-cultura.network\/?attachment_id=4555\" target=\"_blank\"><img decoding=\"async\" alt=\"\" width=\"300\" height=\"200\" loading=\"lazy\" src=\"https:\/\/www.forte-cultura.network\/wp-content\/uploads\/2026\/01\/FORT-UNION-POLAND-gyzicko4-300x200.jpg\" srcset=\"https:\/\/www.forte-cultura.network\/wp-content\/uploads\/2026\/01\/FORT-UNION-POLAND-gyzicko4-300x200.jpg 300w,https:\/\/www.forte-cultura.network\/wp-content\/uploads\/2026\/01\/FORT-UNION-POLAND-gyzicko4-1024x684.jpg 1024w,https:\/\/www.forte-cultura.network\/wp-content\/uploads\/2026\/01\/FORT-UNION-POLAND-gyzicko4.jpg 1616w\" sizes=\"auto, 250px\"><\/a><\/div><div class=\"sgb-item\"><a href=\"https:\/\/www.forte-cultura.network\/?attachment_id=4553\" target=\"_blank\"><img decoding=\"async\" alt=\"\" width=\"300\" height=\"200\" loading=\"lazy\" src=\"https:\/\/www.forte-cultura.network\/wp-content\/uploads\/2026\/01\/FORT-UNION-POLAND-gyzicko2-300x200.jpg\" srcset=\"https:\/\/www.forte-cultura.network\/wp-content\/uploads\/2026\/01\/FORT-UNION-POLAND-gyzicko2-300x200.jpg 300w,https:\/\/www.forte-cultura.network\/wp-content\/uploads\/2026\/01\/FORT-UNION-POLAND-gyzicko2-1024x684.jpg 1024w,https:\/\/www.forte-cultura.network\/wp-content\/uploads\/2026\/01\/FORT-UNION-POLAND-gyzicko2.jpg 1616w\" sizes=\"auto, 250px\"><\/a><\/div><div class=\"sgb-item\"><a href=\"https:\/\/www.forte-cultura.network\/?attachment_id=4554\" target=\"_blank\"><img decoding=\"async\" alt=\"\" width=\"300\" height=\"200\" loading=\"lazy\" src=\"https:\/\/www.forte-cultura.network\/wp-content\/uploads\/2026\/01\/FORT-UNION-POLAND-gyzicko3-300x200.jpg\" srcset=\"https:\/\/www.forte-cultura.network\/wp-content\/uploads\/2026\/01\/FORT-UNION-POLAND-gyzicko3-300x200.jpg 300w,https:\/\/www.forte-cultura.network\/wp-content\/uploads\/2026\/01\/FORT-UNION-POLAND-gyzicko3-1024x684.jpg 1024w,https:\/\/www.forte-cultura.network\/wp-content\/uploads\/2026\/01\/FORT-UNION-POLAND-gyzicko3.jpg 1616w\" sizes=\"auto, 250px\"><\/a><\/div><div class=\"sgb-item\"><a href=\"https:\/\/www.forte-cultura.network\/?attachment_id=4552\" target=\"_blank\"><img decoding=\"async\" alt=\"\" width=\"300\" height=\"200\" loading=\"lazy\" src=\"https:\/\/www.forte-cultura.network\/wp-content\/uploads\/2026\/01\/FORT-UNION-POLAND-gyzicko-300x200.jpg\" srcset=\"https:\/\/www.forte-cultura.network\/wp-content\/uploads\/2026\/01\/FORT-UNION-POLAND-gyzicko-300x200.jpg 300w,https:\/\/www.forte-cultura.network\/wp-content\/uploads\/2026\/01\/FORT-UNION-POLAND-gyzicko-1024x684.jpg 1024w,https:\/\/www.forte-cultura.network\/wp-content\/uploads\/2026\/01\/FORT-UNION-POLAND-gyzicko.jpg 1616w\" sizes=\"auto, 250px\"><\/a><\/div><\/div><\/noscript><\/div><script type=\"application\/json\" class=\"sgb-data\">{\"collectionColumns\":2,\"galleryType\":\"pgc_sgb_masonry\",\"galleryId\":\"29c24186\",\"images\":[{\"id\":4555,\"title\":\"FORT-UNION POLAND gyzicko4\",\"url\":\"https:\/\/www.forte-cultura.network\/wp-content\/uploads\/2026\/01\/FORT-UNION-POLAND-gyzicko4.jpg\",\"link\":\"https:\/\/www.forte-cultura.network\/?attachment_id=4555\",\"alt\":\"\",\"description\":\"\",\"caption\":\"\",\"mime\":\"image\/jpeg\",\"type\":\"image\",\"width\":1616,\"height\":1080,\"sizes\":{\"thumbnail\":{\"height\":150,\"width\":150,\"url\":\"https:\/\/www.forte-cultura.network\/wp-content\/uploads\/2026\/01\/FORT-UNION-POLAND-gyzicko4-150x150.jpg\",\"orientation\":\"landscape\"},\"medium\":{\"height\":200,\"width\":300,\"url\":\"https:\/\/www.forte-cultura.network\/wp-content\/uploads\/2026\/01\/FORT-UNION-POLAND-gyzicko4-300x200.jpg\",\"orientation\":\"landscape\"},\"large\":{\"height\":684,\"width\":1024,\"url\":\"https:\/\/www.forte-cultura.network\/wp-content\/uploads\/2026\/01\/FORT-UNION-POLAND-gyzicko4-1024x684.jpg\",\"orientation\":\"landscape\"},\"full\":{\"url\":\"https:\/\/www.forte-cultura.network\/wp-content\/uploads\/2026\/01\/FORT-UNION-POLAND-gyzicko4.jpg\",\"height\":1080,\"width\":1616,\"orientation\":\"landscape\"}},\"imageMeta\":{\"aperture\":\"0\",\"credit\":\"Tomasz Walczuk walczuk.sttdio@gmail.com\",\"camera\":\"\",\"caption\":\"\",\"created_timestamp\":\"0\",\"copyright\":\"Tomasz Walczuk\",\"focal_length\":\"0\",\"iso\":\"0\",\"shutter_speed\":\"0\",\"title\":\"\",\"orientation\":\"0\",\"keywords\":[]},\"meta\":false,\"postlink\":\"https:\/\/www.forte-cultura.network\/?attachment_id=4555\"},{\"id\":4553,\"title\":\"FORT-UNION POLAND gyzicko2\",\"url\":\"https:\/\/www.forte-cultura.network\/wp-content\/uploads\/2026\/01\/FORT-UNION-POLAND-gyzicko2.jpg\",\"link\":\"https:\/\/www.forte-cultura.network\/?attachment_id=4553\",\"alt\":\"\",\"description\":\"\",\"caption\":\"\",\"mime\":\"image\/jpeg\",\"type\":\"image\",\"width\":1616,\"height\":1080,\"sizes\":{\"thumbnail\":{\"height\":150,\"width\":150,\"url\":\"https:\/\/www.forte-cultura.network\/wp-content\/uploads\/2026\/01\/FORT-UNION-POLAND-gyzicko2-150x150.jpg\",\"orientation\":\"landscape\"},\"medium\":{\"height\":200,\"width\":300,\"url\":\"https:\/\/www.forte-cultura.network\/wp-content\/uploads\/2026\/01\/FORT-UNION-POLAND-gyzicko2-300x200.jpg\",\"orientation\":\"landscape\"},\"large\":{\"height\":684,\"width\":1024,\"url\":\"https:\/\/www.forte-cultura.network\/wp-content\/uploads\/2026\/01\/FORT-UNION-POLAND-gyzicko2-1024x684.jpg\",\"orientation\":\"landscape\"},\"full\":{\"url\":\"https:\/\/www.forte-cultura.network\/wp-content\/uploads\/2026\/01\/FORT-UNION-POLAND-gyzicko2.jpg\",\"height\":1080,\"width\":1616,\"orientation\":\"landscape\"}},\"imageMeta\":{\"aperture\":\"0\",\"credit\":\"Tomasz Walczuk walczuk.sttdio@gmail.com\",\"camera\":\"\",\"caption\":\"\",\"created_timestamp\":\"0\",\"copyright\":\"Tomasz Walczuk\",\"focal_length\":\"0\",\"iso\":\"0\",\"shutter_speed\":\"0\",\"title\":\"\",\"orientation\":\"0\",\"keywords\":[]},\"meta\":false,\"postlink\":\"https:\/\/www.forte-cultura.network\/?attachment_id=4553\"},{\"id\":4554,\"title\":\"FORT-UNION POLAND gyzicko3\",\"url\":\"https:\/\/www.forte-cultura.network\/wp-content\/uploads\/2026\/01\/FORT-UNION-POLAND-gyzicko3.jpg\",\"link\":\"https:\/\/www.forte-cultura.network\/?attachment_id=4554\",\"alt\":\"\",\"description\":\"\",\"caption\":\"\",\"mime\":\"image\/jpeg\",\"type\":\"image\",\"width\":1616,\"height\":1080,\"sizes\":{\"thumbnail\":{\"height\":150,\"width\":150,\"url\":\"https:\/\/www.forte-cultura.network\/wp-content\/uploads\/2026\/01\/FORT-UNION-POLAND-gyzicko3-150x150.jpg\",\"orientation\":\"landscape\"},\"medium\":{\"height\":200,\"width\":300,\"url\":\"https:\/\/www.forte-cultura.network\/wp-content\/uploads\/2026\/01\/FORT-UNION-POLAND-gyzicko3-300x200.jpg\",\"orientation\":\"landscape\"},\"large\":{\"height\":684,\"width\":1024,\"url\":\"https:\/\/www.forte-cultura.network\/wp-content\/uploads\/2026\/01\/FORT-UNION-POLAND-gyzicko3-1024x684.jpg\",\"orientation\":\"landscape\"},\"full\":{\"url\":\"https:\/\/www.forte-cultura.network\/wp-content\/uploads\/2026\/01\/FORT-UNION-POLAND-gyzicko3.jpg\",\"height\":1080,\"width\":1616,\"orientation\":\"landscape\"}},\"imageMeta\":{\"aperture\":\"0\",\"credit\":\"Tomasz Walczuk walczuk.sttdio@gmail.com\",\"camera\":\"\",\"caption\":\"\",\"created_timestamp\":\"0\",\"copyright\":\"Tomasz Walczuk\",\"focal_length\":\"0\",\"iso\":\"0\",\"shutter_speed\":\"0\",\"title\":\"\",\"orientation\":\"0\",\"keywords\":[]},\"meta\":false,\"postlink\":\"https:\/\/www.forte-cultura.network\/?attachment_id=4554\"},{\"id\":4552,\"title\":\"FORT-UNION POLAND gyzicko\",\"url\":\"https:\/\/www.forte-cultura.network\/wp-content\/uploads\/2026\/01\/FORT-UNION-POLAND-gyzicko.jpg\",\"link\":\"https:\/\/www.forte-cultura.network\/?attachment_id=4552\",\"alt\":\"\",\"description\":\"\",\"caption\":\"\",\"mime\":\"image\/jpeg\",\"type\":\"image\",\"width\":1616,\"height\":1080,\"sizes\":{\"thumbnail\":{\"height\":150,\"width\":150,\"url\":\"https:\/\/www.forte-cultura.network\/wp-content\/uploads\/2026\/01\/FORT-UNION-POLAND-gyzicko-150x150.jpg\",\"orientation\":\"landscape\"},\"medium\":{\"height\":200,\"width\":300,\"url\":\"https:\/\/www.forte-cultura.network\/wp-content\/uploads\/2026\/01\/FORT-UNION-POLAND-gyzicko-300x200.jpg\",\"orientation\":\"landscape\"},\"large\":{\"height\":684,\"width\":1024,\"url\":\"https:\/\/www.forte-cultura.network\/wp-content\/uploads\/2026\/01\/FORT-UNION-POLAND-gyzicko-1024x684.jpg\",\"orientation\":\"landscape\"},\"full\":{\"url\":\"https:\/\/www.forte-cultura.network\/wp-content\/uploads\/2026\/01\/FORT-UNION-POLAND-gyzicko.jpg\",\"height\":1080,\"width\":1616,\"orientation\":\"landscape\"}},\"imageMeta\":{\"aperture\":\"0\",\"credit\":\"Tomasz Walczuk walczuk.sttdio@gmail.com\",\"camera\":\"\",\"caption\":\"\",\"created_timestamp\":\"0\",\"copyright\":\"Tomasz Walczuk\",\"focal_length\":\"0\",\"iso\":\"0\",\"shutter_speed\":\"0\",\"title\":\"\",\"orientation\":\"0\",\"keywords\":[]},\"meta\":false,\"postlink\":\"https:\/\/www.forte-cultura.network\/?attachment_id=4552\"}],\"TrpContentRestriction\":{\"restriction_type\":\"exclude\",\"selected_languages\":[],\"panel_open\":true},\"itemsMetaDataCollection\":[]}<\/script><script>(function(){if(window.PGC_SGB && window.PGC_SGB.searcher){window.PGC_SGB.searcher.initBlocks()}})()<\/script><\/div>\n\n\n<p class=\" eplus-wrapper\">Photos taken during the event dedicated to the project, which took place in <strong>Gi\u017cycko on 8 December<\/strong>.<\/p>\n\n\n<div class=\"pgc-sgb-cb wp-block-pgcsimplygalleryblock-masonry \" data-gallery-id=\"57550910\"><div class=\"sgb-preloader\" id=\"pr_57550910\">\n\t<div class=\"sgb-square\" style=\"background:#d4d4d4\"><\/div>\n\t<div class=\"sgb-square\" style=\"background:#d4d4d4\"><\/div>\n\t<div class=\"sgb-square\" style=\"background:#d4d4d4\"><\/div>\n\t<div class=\"sgb-square\" style=\"background:#d4d4d4\"><\/div><\/div><div class=\"simply-gallery-amp pgc_sgb_slider \"><noscript><div class=\"sgb-gallery\"><div class=\"sgb-item\"><a href=\"https:\/\/www.forte-cultura.network\/?attachment_id=4465\" target=\"_blank\"><img decoding=\"async\" alt=\"\" width=\"300\" height=\"247\" loading=\"lazy\" src=\"https:\/\/www.forte-cultura.network\/wp-content\/uploads\/2026\/01\/fort-union-interreg-300x247.jpg\" srcset=\"https:\/\/www.forte-cultura.network\/wp-content\/uploads\/2026\/01\/fort-union-interreg-300x247.jpg 300w,https:\/\/www.forte-cultura.network\/wp-content\/uploads\/2026\/01\/fort-union-interreg.jpg 601w\" sizes=\"auto, 250px\"><\/a><\/div><\/div><\/noscript><\/div><script type=\"application\/json\" class=\"sgb-data\">{\"collectionColumns\":1,\"galleryType\":\"pgc_sgb_masonry\",\"galleryId\":\"57550910\",\"images\":[{\"id\":4465,\"title\":\"fort-union interreg\",\"url\":\"https:\/\/www.forte-cultura.network\/wp-content\/uploads\/2026\/01\/fort-union-interreg.jpg\",\"link\":\"https:\/\/www.forte-cultura.network\/?attachment_id=4465\",\"alt\":\"\",\"description\":\"\",\"caption\":\"\",\"mime\":\"image\/jpeg\",\"type\":\"image\",\"width\":601,\"height\":494,\"sizes\":{\"thumbnail\":{\"height\":150,\"width\":150,\"url\":\"https:\/\/www.forte-cultura.network\/wp-content\/uploads\/2026\/01\/fort-union-interreg-150x150.jpg\",\"orientation\":\"landscape\"},\"medium\":{\"height\":247,\"width\":300,\"url\":\"https:\/\/www.forte-cultura.network\/wp-content\/uploads\/2026\/01\/fort-union-interreg-300x247.jpg\",\"orientation\":\"landscape\"},\"full\":{\"url\":\"https:\/\/www.forte-cultura.network\/wp-content\/uploads\/2026\/01\/fort-union-interreg.jpg\",\"height\":494,\"width\":601,\"orientation\":\"landscape\"}},\"imageMeta\":{\"aperture\":\"0\",\"credit\":\"\",\"camera\":\"\",\"caption\":\"\",\"created_timestamp\":\"0\",\"copyright\":\"\",\"focal_length\":\"0\",\"iso\":\"0\",\"shutter_speed\":\"0\",\"title\":\"\",\"orientation\":\"0\",\"keywords\":[]},\"meta\":false,\"postlink\":\"https:\/\/www.forte-cultura.network\/?attachment_id=4465\"}],\"TrpContentRestriction\":{\"restriction_type\":\"exclude\",\"selected_languages\":[],\"panel_open\":true},\"itemsMetaDataCollection\":[]}<\/script><script>(function(){if(window.PGC_SGB && window.PGC_SGB.searcher){window.PGC_SGB.searcher.initBlocks()}})()<\/script><\/div><\/div>\n<\/div>\n\n\n<p class=\" eplus-wrapper\"><em>Author of the media: By UM Gi\u017cycko, Lider project and project partners FORT-UNION<\/em><\/p>\n","protected":false},"excerpt":{"rendered":"<p>Le projet transfrontalier Interreg FORT-UNION est men\u00e9 par un consortium de partenaires : la municipalit\u00e9 de Gi\u017cycko, l'administration municipale de Kaunas, le parc de la forteresse de Kaunas, le mus\u00e9e de l'arm\u00e9e de Bia\u0142ystok, la forteresse de Boyen \u00e0 Gi\u017cycko, la municipalit\u00e9 du district de Var\u0117na et des organisations associ\u00e9es, notamment le parc national de Biebrza et le centre de formation \u00e0 l'entrepreneuriat de Var\u0117na.\u00a0<\/p>","protected":false},"author":3,"featured_media":4554,"comment_status":"open","ping_status":"open","sticky":false,"template":"","format":"standard","meta":{"editor_plus_copied_stylings":"{}","pgc_sgb_lightbox_settings":"","_price":"","_stock":"","_tribe_ticket_header":"","_tribe_default_ticket_provider":"","_tribe_ticket_capacity":"0","_ticket_start_date":"","_ticket_end_date":"","_tribe_ticket_show_description":"","_tribe_ticket_show_not_going":false,"_tribe_ticket_use_global_stock":"","_tribe_ticket_global_stock_level":"","_global_stock_mode":"","_global_stock_cap":"","_tribe_rsvp_for_event":"","_tribe_ticket_going_count":"","_tribe_ticket_not_going_count":"","_tribe_tickets_list":"[]","_tribe_ticket_has_attendee_info_fields":false,"_EventAllDay":false,"_EventTimezone":"","_EventStartDate":"","_EventEndDate":"","_EventStartDateUTC":"","_EventEndDateUTC":"","_EventShowMap":false,"_EventShowMapLink":false,"_EventURL":"","_EventCost":"","_EventCostDescription":"","_EventCurrencySymbol":"","_EventCurrencyCode":"","_EventCurrencyPosition":"","_EventDateTimeSeparator":"","_EventTimeRangeSeparator":"","_EventOrganizerID":[],"_EventVenueID":[],"_OrganizerEmail":"","_OrganizerPhone":"","_OrganizerWebsite":"","_VenueAddress":"","_VenueCity":"","_VenueCountry":"","_VenueProvince":"","_VenueState":"","_VenueZip":"","_VenuePhone":"","_VenueURL":"","_VenueStateProvince":"","_VenueLat":"","_VenueLng":"","_VenueShowMap":false,"_VenueShowMapLink":false,"footnotes":""},"categories":[68,9,100,178,224,98],"tags":[230,232,231],"class_list":["post-4085","post","type-post","status-publish","format-standard","has-post-thumbnail","hentry","category-68","category-from-the-member-stations","category-funding","category-gizycko","category-kaunas","category-tourism-management","tag-bialystok","tag-osowiec","tag-varena"],"_links":{"self":[{"href":"https:\/\/www.forte-cultura.network\/fr\/wp-json\/wp\/v2\/posts\/4085","targetHints":{"allow":["GET"]}}],"collection":[{"href":"https:\/\/www.forte-cultura.network\/fr\/wp-json\/wp\/v2\/posts"}],"about":[{"href":"https:\/\/www.forte-cultura.network\/fr\/wp-json\/wp\/v2\/types\/post"}],"author":[{"embeddable":true,"href":"https:\/\/www.forte-cultura.network\/fr\/wp-json\/wp\/v2\/users\/3"}],"replies":[{"embeddable":true,"href":"https:\/\/www.forte-cultura.network\/fr\/wp-json\/wp\/v2\/comments?post=4085"}],"version-history":[{"count":7,"href":"https:\/\/www.forte-cultura.network\/fr\/wp-json\/wp\/v2\/posts\/4085\/revisions"}],"predecessor-version":[{"id":4647,"href":"https:\/\/www.forte-cultura.network\/fr\/wp-json\/wp\/v2\/posts\/4085\/revisions\/4647"}],"wp:featuredmedia":[{"embeddable":true,"href":"https:\/\/www.forte-cultura.network\/fr\/wp-json\/wp\/v2\/media\/4554"}],"wp:attachment":[{"href":"https:\/\/www.forte-cultura.network\/fr\/wp-json\/wp\/v2\/media?parent=4085"}],"wp:term":[{"taxonomy":"category","embeddable":true,"href":"https:\/\/www.forte-cultura.network\/fr\/wp-json\/wp\/v2\/categories?post=4085"},{"taxonomy":"post_tag","embeddable":true,"href":"https:\/\/www.forte-cultura.network\/fr\/wp-json\/wp\/v2\/tags?post=4085"}],"curies":[{"name":"wp","href":"https:\/\/api.w.org\/{rel}","templated":true}]}}