{"id":4478,"date":"2025-12-17T11:35:40","date_gmt":"2025-12-17T10:35:40","guid":{"rendered":"https:\/\/www.forte-cultura.network\/?p=4478"},"modified":"2025-12-23T11:50:27","modified_gmt":"2025-12-23T10:50:27","slug":"reunion-en-ligne-des-membres-de-forte-cultura-2025","status":"publish","type":"post","link":"https:\/\/www.forte-cultura.network\/fr\/forte-cultura-online-member-meeting-2025\/","title":{"rendered":"R\u00e9union en ligne des membres de FORTE CULTURA 2025"},"content":{"rendered":"<div class=\"wp-block-columns alignwide eplus-wrapper is-layout-flex wp-container-core-columns-is-layout-28f84493 wp-block-columns-is-layout-flex eplus-styles-uid-88aeb4\">\n<div class=\"wp-block-column eplus-wrapper is-layout-flow wp-block-column-is-layout-flow\">\n<p class=\"has-large-font-size eplus-wrapper\"><strong>Partager les outils, les strat\u00e9gies et les bonnes pratiques<\/strong><\/p>\n\n\n\n<p class=\"eplus-wrapper\">Le 16 d\u00e9cembre 2025, FORTE CULTURA a tenu sa r\u00e9union annuelle des membres en ligne (OMM), r\u00e9unissant des gestionnaires de forteresses, des chercheurs et des partenaires de toute l'Europe pour se concentrer sur les outils de communication, le parcours de certification de l'IIRC et les projets locaux inspirants. <\/p>\n\n\n\n<p class=\"eplus-wrapper\">Les orateurs de 8 pays se sont inform\u00e9s mutuellement sur les projets et activit\u00e9s en cours dans leurs forteresses lors de la deuxi\u00e8me r\u00e9union des membres en ligne de FORTE CULTURA (OMM). En outre, le conseil d'administration de FORTE CULTURA a fourni des informations sur l'utilisation des m\u00e9dias sociaux et des blogs de r\u00e9seau, sur le processus d'obtention de la certification en tant qu'itin\u00e9raire culturel du Conseil de l'Europe et les exigences associ\u00e9es pour les membres de FORTE CULTURA, sur les d\u00e9tails des avantages sp\u00e9ciaux pour les membres, et sur les \u00e9v\u00e9nements \u00e0 venir en 2026.<\/p>\n\n\n\n<p class=\"eplus-wrapper\">Le nouveau format en ligne est destin\u00e9 \u00e0 rassembler les membres de FORTE CULTURA pour qu'ils apprennent les uns des autres et lancent des activit\u00e9s communes. \u00c0 l'avenir, l'OMM aura lieu au moins une fois par an. Lors de l'inscription, les participants peuvent r\u00e9server un temps de parole de 10 minutes pendant lequel ils peuvent rendre compte de leurs forteresses ou pr\u00e9senter des sujets de discussion actuels.<\/p>\n\n\n\n<p style=\"margin-bottom:var(--wp--preset--spacing--10)\" class=\"eplus-wrapper\">Nous remercions tous les intervenants et les invit\u00e9s pour leur participation et leurs contributions.<\/p>\n\n\n\n<div class=\"wp-block-kadence-spacer aligncenter kt-block-spacer-4478_3d4126-87\"><div class=\"kt-block-spacer kt-block-spacer-halign-center\"><hr class=\"kt-divider\"><\/div><\/div>\n\n\n\n<h2 class=\"wp-block-heading eplus-wrapper\">Pourquoi revoir l'OMM ?<\/h2>\n\n\n\n<p class=\"eplus-wrapper\">Pour ceux qui n'ont pas pu participer en direct - et pour ceux qui veulent revoir certaines contributions - l'enregistrement offre :<\/p>\n\n\n<ul class=\"wp-block-list eplus-wrapper eplus-styles-uid-e8b9a3\"><li class=\"has-medium-font-size eplus-wrapper eplus-styles-uid-340f12\">une vision claire de la direction prise par le r\u00e9seau (ICER, clusters, suivi, collecte de fonds) ;<\/li>\n\n<li class=\"has-medium-font-size eplus-wrapper eplus-styles-uid-340f12\">des exemples pratiques de membres qui peuvent inspirer de nouvelles activit\u00e9s ;<\/li>\n\n<li class=\"has-medium-font-size eplus-wrapper eplus-styles-uid-340f12\">une invitation \u00e0 chaque forteresse \u00e0 participer activement \u00e0 une v\u00e9ritable histoire europ\u00e9enne.<\/li><\/ul>\n\n\n<p class=\"eplus-wrapper\"> Nous pr\u00e9sentons ci-dessous l'enregistrement de l'OMM 2025, divis\u00e9 en chapitres : <\/p>\n\n\n<div class=\"wp-block-columns eplus-wrapper is-layout-flex wp-container-core-columns-is-layout-28f84493 wp-block-columns-is-layout-flex eplus-styles-uid-2f5500\">\n<div class=\"wp-block-column eplus-wrapper is-layout-flow wp-block-column-is-layout-flow\">\n<figure class=\"wp-embed-aspect-16-9 wp-has-aspect-ratio wp-block-embed is-type-video is-provider-youtube wp-block-embed-youtube eplus-wrapper\"><div class=\"wp-block-embed__wrapper\">\n<iframe loading=\"lazy\" title=\"R\u00e9union en ligne des membres de FORTE CULTURA 2025\" width=\"500\" height=\"281\" src=\"https:\/\/www.youtube.com\/embed\/_DUM2BMMOb0?feature=oembed\" frameborder=\"0\" allow=\"accelerometer; autoplay; clipboard-write; encrypted-media; gyroscope; picture-in-picture; web-share\" referrerpolicy=\"strict-origin-when-cross-origin\" allowfullscreen><\/iframe>\n<\/div><\/figure>\n<\/div>\n\n\n\n<div class=\"wp-block-column eplus-wrapper is-layout-flow wp-block-column-is-layout-flow\">\n<figure class=\"wp-embed-aspect-16-9 wp-has-aspect-ratio wp-block-embed is-type-video is-provider-youtube wp-block-embed-youtube eplus-wrapper\"><div class=\"wp-block-embed__wrapper\">\n<iframe loading=\"lazy\" title=\"FORTE CULTURA OMM 2025\" width=\"500\" height=\"281\" src=\"https:\/\/www.youtube.com\/embed\/QG_I8NQPYuI?feature=oembed\" frameborder=\"0\" allow=\"accelerometer; autoplay; clipboard-write; encrypted-media; gyroscope; picture-in-picture; web-share\" referrerpolicy=\"strict-origin-when-cross-origin\" allowfullscreen><\/iframe>\n<\/div><\/figure>\n<\/div>\n<\/div>\n\n\n<div class=\"wp-block-kadence-spacer aligncenter kt-block-spacer-4478_1aa721-2d\"><div class=\"kt-block-spacer kt-block-spacer-halign-center\"><hr class=\"kt-divider\"><\/div><\/div>\n\n\n\n<p class=\"has-gradient-1-gradient-background has-background has-medium-font-size eplus-wrapper\"><strong>Session I - Outils du r\u00e9seau et strat\u00e9gie de l'IREC<\/strong><\/p>\n\n\n<div class=\"wp-block-columns eplus-wrapper is-layout-flex wp-container-core-columns-is-layout-28f84493 wp-block-columns-is-layout-flex eplus-styles-uid-493d24\">\n<div class=\"wp-block-column eplus-wrapper is-layout-flow wp-block-column-is-layout-flow\" style=\"padding-right:var(--wp--preset--spacing--30);padding-left:var(--wp--preset--spacing--30)\">\n<h2 class=\"wp-block-heading has-large-font-size eplus-wrapper\">FORTE CULTURA Outils et services de marketing en ligne pour les membres<\/h2>\n\n\n\n<p class=\"eplus-wrapper\">Orateur : <strong>Dirk R\u00f6der<\/strong><\/p>\n\n\n\n<p class=\"eplus-wrapper\">Dirk a pr\u00e9sent\u00e9 d'importants outils de marketing en ligne que FORTE CULTURA met \u00e0 la disposition de ses membres. Il s'agit notamment de l'application Actionbound, de Reveel.guide, des billets de banque souvenirs en euros et du portail touristique FORTE CULTURA, qui est un outil important pour mieux faire conna\u00eetre les fortifications.<br><strong><a href=\"https:\/\/youtu.be\/_DUM2BMMOb0\" target=\"_blank\" rel=\"noreferrer noopener\">La pr\u00e9sentation compl\u00e8te peut \u00eatre visionn\u00e9e ici (17 min)<\/a><\/strong><\/p>\n\n\n\n<p class=\"eplus-wrapper\"><\/p>\n\n\n\n<h2 class=\"wp-block-heading has-large-font-size eplus-wrapper\">FORTE CULTURA M\u00e9dias sociaux<\/h2>\n\n\n\n<p class=\"eplus-wrapper\">Orateur : <strong>Jelena K\u00f6lble<\/strong> - 00:00:00<\/p>\n\n\n\n<p class=\"eplus-wrapper\">Jelena a pr\u00e9sent\u00e9 une vue d'ensemble des canaux de m\u00e9dias sociaux de FORTE CULTURA et a expliqu\u00e9 comment la coordination des publications, l'identit\u00e9 visuelle et les mises \u00e0 jour r\u00e9guli\u00e8res peuvent accro\u00eetre la visibilit\u00e9 de nos forteresses et de nos clusters. Les membres sont encourag\u00e9s \u00e0 partager leur contenu et leurs histoires afin que la communication du r\u00e9seau refl\u00e8te la diversit\u00e9 de l'itin\u00e9raire. <br><strong><a href=\"https:\/\/www.youtube.com\/watch?v=QG_I8NQPYuI\" target=\"_blank\" rel=\"noreferrer noopener\">Montre \u00e0 partir de la minute 00:00:00<\/a><\/strong><\/p>\n\n\n\n<h2 class=\"wp-block-heading has-large-font-size eplus-wrapper\">Blogs de FORTE CULTURA<\/h2>\n\n\n\n<p class=\"eplus-wrapper\">Orateur : <strong>Tom\u00e1\u0161 Jirouch<\/strong> - 00:04:48<\/p>\n\n\n\n<p class=\"eplus-wrapper\">Tom\u00e1\u0161 a pr\u00e9sent\u00e9 la plateforme de blogs comme un espace de narration en profondeur, de s\u00e9ries th\u00e9matiques et de contributions des membres. Il a soulign\u00e9 la fa\u00e7on dont les blogs peuvent contribuer \u00e0 la promotion du tourisme et au partage des connaissances, invitant les membres \u00e0 proposer des articles sur l'histoire, les projets de r\u00e9utilisation, les \u00e9v\u00e9nements et le tourisme cr\u00e9atif. <br><strong><a href=\"https:\/\/www.youtube.com\/watch?v=QG_I8NQPYuI&amp;t=288s\" target=\"_blank\" rel=\"noreferrer noopener\">Regarder \u00e0 partir de la minute 00:04:48<\/a><\/strong><\/p>\n\n\n\n<h2 class=\"wp-block-heading has-large-font-size eplus-wrapper\">Strat\u00e9gie de certification de FORTE CULTURA<\/h2>\n\n\n\n<p class=\"eplus-wrapper\">Orateur : <strong>Filippo Cailotto<\/strong> - 00:15:08<\/p>\n\n\n\n<p class=\"eplus-wrapper\">Filippo a expos\u00e9 la strat\u00e9gie visant \u00e0 obtenir la certification de l'IIRC en tant qu'itin\u00e9raire culturel du Conseil de l'Europe, en expliquant pourquoi cette \u00e9tape est importante, quels sont les points forts du r\u00e9seau et quels sont ceux que nous devons encore am\u00e9liorer. Il s'est concentr\u00e9 sur trois axes cl\u00e9s : un suivi simple de l'impact touristique, une strat\u00e9gie commune de collecte de fonds et une plus grande implication des membres. <br><strong><a href=\"https:\/\/www.youtube.com\/watch?v=QG_I8NQPYuI&amp;t=908s\" target=\"_blank\" rel=\"noreferrer noopener\">Regarder \u00e0 partir de 00:15:08<\/a><\/strong><\/p>\n\n\n\n<h3 class=\"wp-block-heading eplus-wrapper\">Obligations des membres de FORTE CULTURA pour la certification<\/h3>\n\n\n\n<p class=\"eplus-wrapper\">Orateur : <strong>Dirk R\u00f6der<\/strong> - 00:32:22<\/p>\n\n\n\n<p class=\"eplus-wrapper\">Dirk a montr\u00e9 comment traduire la strat\u00e9gie de certification en attentes concr\u00e8tes pour les membres, en mettant l'accent sur la visibilit\u00e9 du logo et du lien de l'itin\u00e9raire sur les principaux canaux de communication utilis\u00e9s par les membres de FORTE CULTURA. Le message est clair : le processus de certification ne sera couronn\u00e9 de succ\u00e8s que si chaque membre fournit un petit effort r\u00e9aliste. <br><strong><a href=\"https:\/\/www.youtube.com\/watch?v=QG_I8NQPYuI&amp;t=1942s\">Regarder \u00e0 partir de 00:32:22<\/a><\/strong><\/p>\n\n\n\n<h3 class=\"wp-block-heading eplus-wrapper\">\u00c9v\u00e9nements \u00e0 venir de FORTE CULTURA<\/h3>\n\n\n\n<p class=\"eplus-wrapper\">Orateur : <strong>Dirk R\u00f6der<\/strong> - 00:36:44<\/p>\n\n\n\n<p class=\"eplus-wrapper\">Dirk a ensuite pr\u00e9sent\u00e9 le calendrier des prochains congr\u00e8s, symposiums et visites d'\u00e9tude pour 2025-2026, y compris le congr\u00e8s FORTE CULTURA \u00e0 La L\u00ednea de la Concepci\u00f3n (Espagne) et les \u00e9v\u00e9nements pr\u00e9vus \u00e0 Malte et en Cor\u00e9e du Sud. Ces rendez-vous constitueront des \u00e9tapes importantes pour le d\u00e9veloppement du tourisme et le processus de l'IEIC. <br><strong><a href=\"https:\/\/www.youtube.com\/watch?v=QG_I8NQPYuI&amp;t=2204s\" target=\"_blank\" rel=\"noreferrer noopener\">Regarder \u00e0 partir de 00:36:44<\/a><\/strong><\/p>\n<\/div>\n<\/div>\n\n\n<p class=\"has-gradient-1-gradient-background has-background eplus-wrapper\"><strong>Session II - Projets des membres et innovations locales<\/strong><br><br>Lors de la deuxi\u00e8me session, plusieurs membres ont pr\u00e9sent\u00e9 leurs activit\u00e9s et projets actuels, montrant comment le patrimoine fortifi\u00e9 peut servir de laboratoire pour le tourisme durable, l'engagement communautaire et la r\u00e9utilisation cr\u00e9ative.<\/p>\n\n\n<p style=\"margin-top:0;margin-bottom:var(--wp--preset--spacing--10);padding-top:0;padding-bottom:0\" class=\"eplus-wrapper eplus-styles-uid-da62d8\"><a href=\"https:\/\/www.youtube.com\/watch?v=QG_I8NQPYuI&amp;t=2533s\" target=\"_blank\" rel=\"noreferrer noopener\"><strong>00:42:13<\/strong> <strong>Soci\u00e9t\u00e9 Ehrensv\u00e4rd, Suomenlinna (FI) - Activit\u00e9s actuelles de Suomenlinna<\/strong><\/a><\/p>\n\n<p style=\"margin-top:0;margin-bottom:var(--wp--preset--spacing--10);padding-top:0;padding-bottom:0\" class=\"eplus-wrapper eplus-styles-uid-340f12\">Carita Wilenius-Rantala a donn\u00e9 un aper\u00e7u des initiatives en cours \u00e0 Suomenlinna, illustrant la mani\u00e8re dont cette forteresse class\u00e9e au patrimoine mondial de l'UNESCO allie conservation, vie quotidienne et tourisme, en se concentrant particuli\u00e8rement sur la mani\u00e8re de renforcer les activit\u00e9s de basse saison afin d'augmenter le nombre de visiteurs pendant ces p\u00e9riodes.<\/p>\n\n<p style=\"margin-top:0;margin-bottom:var(--wp--preset--spacing--10);padding-top:0;padding-bottom:0\" class=\"eplus-wrapper eplus-styles-uid-da62d8\"><strong><a href=\"https:\/\/www.youtube.com\/watch?v=QG_I8NQPYuI&amp;t=3469s\" target=\"_blank\" rel=\"noreferrer noopener\">00:57:49 Universit\u00e9 de Malte (MT) - Patrimoine fortifi\u00e9 et universit\u00e9 : Explorer les synergies<\/a><\/strong> <\/p>\n\n<p style=\"margin-top:0;margin-bottom:var(--wp--preset--spacing--10);padding-top:0;padding-bottom:0\" class=\"eplus-wrapper eplus-styles-uid-340f12\">John Ebejer a soulign\u00e9 le r\u00f4le des universit\u00e9s dans la recherche, l'enseignement et le d\u00e9veloppement de projets pour le patrimoine fortifi\u00e9, et la mani\u00e8re dont la collaboration entre le monde universitaire et les gestionnaires de forteresses peut soutenir \u00e0 la fois la valorisation et l'agenda de l'IIRC.<\/p>\n\n<p style=\"margin-top:0;margin-bottom:var(--wp--preset--spacing--10);padding-top:0;padding-bottom:0\" class=\"eplus-wrapper eplus-styles-uid-da62d8\"><strong><a href=\"https:\/\/www.youtube.com\/watch?v=QG_I8NQPYuI&amp;t=4120s\" target=\"_blank\" rel=\"noreferrer noopener\">01:08:40 PCI Forteresse de la culture de \u0160ibenik (HR) - La nuit des forteresses passe au vert 2026 ! <\/a><\/strong><\/p>\n\n<p style=\"margin-top:0;margin-bottom:var(--wp--preset--spacing--10);padding-top:0;padding-bottom:0\" class=\"eplus-wrapper eplus-styles-uid-340f12\">Vera Jergovi\u0107 a pr\u00e9sent\u00e9 l'\u00e9volution de l'initiative \u201cNuit des forteresses\u201d vers un accent plus fort sur la durabilit\u00e9 et les pratiques vertes, la positionnant comme un exemple phare du tourisme cr\u00e9atif et exp\u00e9rientiel dans les fortifications.<\/p>\n\n<p style=\"margin-top:0;margin-bottom:var(--wp--preset--spacing--10);padding-top:0;padding-bottom:0\" class=\"eplus-wrapper eplus-styles-uid-da62d8\"><strong><a href=\"https:\/\/www.youtube.com\/watch?v=QG_I8NQPYuI&amp;t=5381s\" target=\"_blank\" rel=\"noreferrer noopener\">01:29:41 Administration de la forteresse et des mus\u00e9es de Daugavpils (LV) - Questions actuelles relatives \u00e0 l'administration et \u00e0 la pr\u00e9servation de la forteresse de Daugavpils <\/a><\/strong><\/p>\n\n<p style=\"margin-top:0;margin-bottom:var(--wp--preset--spacing--10);padding-top:0;padding-bottom:0\" class=\"eplus-wrapper eplus-styles-uid-340f12\">Artjoms Mahlins a \u00e9voqu\u00e9 les d\u00e9fis pratiques que pose la gestion d'un grand complexe de forteresses, en conciliant les besoins de pr\u00e9servation, le financement et le d\u00e9veloppement d'attractions culturelles et touristiques, en particulier dans le cadre de la r\u00e9novation des jardins du site.<\/p>\n\n<p style=\"margin-top:0;margin-bottom:var(--wp--preset--spacing--10);padding-top:0;padding-bottom:0\" class=\"eplus-wrapper eplus-styles-uid-da62d8\"><strong><a href=\"https:\/\/www.youtube.com\/watch?v=QG_I8NQPYuI&amp;t=6119s\" target=\"_blank\" rel=\"noreferrer noopener\">01:41:59 Forteresse Ziegenhain (DE) - Forteresse Ziegenhain AI-Avatar<\/a><\/strong><\/p>\n\n<p style=\"margin-top:0;margin-bottom:var(--wp--preset--spacing--10);padding-top:0;padding-bottom:0\" class=\"eplus-wrapper eplus-styles-uid-340f12\">Gerhard Reidt a pr\u00e9sent\u00e9 un projet innovant utilisant des avatars d'IA pour interpr\u00e9ter la forteresse pour les visiteurs, ouvrant de nouvelles possibilit\u00e9s pour la m\u00e9diation num\u00e9rique et la narration accessible.<\/p>\n\n\n<p class=\"has-gradient-1-gradient-background has-background eplus-wrapper\"><strong>Session III - Collaboration, Ukraine et perspectives d'avenir<\/strong> <br>La troisi\u00e8me session s'est concentr\u00e9e sur la collaboration, la situation en Ukraine et les nouvelles perspectives du tourisme de forteresse \u00e0 travers l'Europe.<\/p>\n\n\n\n<p class=\"eplus-wrapper\"><\/p>\n\n\n<p style=\"margin-top:0;margin-bottom:var(--wp--preset--spacing--10);padding-top:0;padding-bottom:0\" class=\"eplus-wrapper eplus-styles-uid-da62d8\"><strong><a href=\"https:\/\/www.youtube.com\/watch?v=QG_I8NQPYuI&amp;t=7796s\" target=\"_blank\" rel=\"noreferrer noopener\">02:09:56 Fortress Study Group (UK) - Le groupe d'\u00e9tude de la forteresse : un catalyseur pour la collaboration <\/a><\/strong><\/p>\n\n<p style=\"margin-top:0;margin-bottom:var(--wp--preset--spacing--10);padding-top:0;padding-bottom:0\" class=\"eplus-wrapper eplus-styles-uid-340f12\">Nick Dougan a pr\u00e9sent\u00e9 le travail de longue date du groupe d'\u00e9tude sur les forteresses en tant que plateforme de recherche, d'\u00e9changes et de voyages d'\u00e9tude, et a discut\u00e9 des synergies avec FORTE CULTURA.<\/p>\n\n<p style=\"margin-top:0;margin-bottom:var(--wp--preset--spacing--10);padding-top:0;padding-bottom:0\" class=\"eplus-wrapper eplus-styles-uid-da62d8\"><strong><a href=\"https:\/\/www.youtube.com\/watch?v=QG_I8NQPYuI&amp;t=8377s\" target=\"_blank\" rel=\"noreferrer noopener\">02:19:37 R\u00e9serve historique et culturelle d'\u00c9tat \u201cMezhybizh\u201d (UA) - Potentiel touristique actuel du ch\u00e2teau de Medzhybizh<\/a><\/strong> <\/p>\n\n<p style=\"margin-top:0;margin-bottom:var(--wp--preset--spacing--10);padding-top:0;padding-bottom:0\" class=\"eplus-wrapper eplus-styles-uid-340f12\">Tetiana Vietrova a pr\u00e9sent\u00e9 la situation actuelle et le potentiel touristique du ch\u00e2teau de Mezhybizh, rappelant au r\u00e9seau l'importance de la solidarit\u00e9 avec les institutions patrimoniales ukrainiennes.<\/p>\n\n<p style=\"margin-top:0;margin-bottom:var(--wp--preset--spacing--10);padding-top:0;padding-bottom:0\" class=\"eplus-wrapper eplus-styles-uid-da62d8\"><strong><a href=\"https:\/\/www.youtube.com\/watch?v=QG_I8NQPYuI&amp;t=8998s\" target=\"_blank\" rel=\"noreferrer noopener\">02:29:58 FORTE CULTURA - Appel aux dons pour l'Ukraine<\/a><\/strong> <\/p>\n\n<p style=\"margin-top:0;margin-bottom:var(--wp--preset--spacing--10);padding-top:0;padding-bottom:0\" class=\"eplus-wrapper eplus-styles-uid-340f12\">Dirk R\u00f6der a lanc\u00e9 un nouvel appel aux dons pour soutenir les partenaires ukrainiens, soulignant que le patrimoine fortifi\u00e9 est aussi un lieu o\u00f9 les valeurs europ\u00e9ennes de paix, de d\u00e9mocratie et de solidarit\u00e9 sont d\u00e9fendues dans la pratique.<\/p>\n\n<p style=\"margin-top:0;margin-bottom:var(--wp--preset--spacing--10);padding-top:0;padding-bottom:0\" class=\"eplus-wrapper eplus-styles-uid-da62d8\"><strong><a href=\"https:\/\/www.youtube.com\/watch?v=QG_I8NQPYuI&amp;t=9119s\" target=\"_blank\" rel=\"noreferrer noopener\">02:31:59 Torgauer Tourismus und Service GmbH (DE) - La forteresse de Torgau - une vue d'ensemble<\/a><\/strong><em> <\/em><\/p>\n\n<p style=\"margin-top:0;margin-bottom:var(--wp--preset--spacing--10);padding-top:0;padding-bottom:0\" class=\"eplus-wrapper eplus-styles-uid-340f12\">Anja Bauermeister a donn\u00e9 un aper\u00e7u de la forteresse de Torgau, de son histoire et de son offre touristique, ainsi que de son r\u00f4le croissant au sein du r\u00e9seau FORTE CULTURA et du cluster des forteresses de l'Elbe.<\/p>\n\n<p style=\"margin-top:0;margin-bottom:var(--wp--preset--spacing--10);padding-top:0;padding-bottom:0\" class=\"eplus-wrapper eplus-styles-uid-da62d8\"><a href=\"https:\/\/www.youtube.com\/watch?v=QG_I8NQPYuI&amp;t=9937s\" target=\"_blank\" rel=\"noreferrer noopener\"><strong>02:45:37 F\u00e9d\u00e9ration de la Caponni\u00e8re, Belfort (FR) - Activit\u00e9s, d\u00e9fis et perspectives pour le patrimoine des forteresses<\/strong><\/a> <\/p>\n\n<p style=\"margin-top:0;margin-bottom:var(--wp--preset--spacing--10);padding-top:0;padding-bottom:0\" class=\"eplus-wrapper eplus-styles-uid-340f12\">Al Revele a pr\u00e9sent\u00e9 les activit\u00e9s de la f\u00e9d\u00e9ration \u00e0 Belfort, discutant \u00e0 la fois des r\u00e9alisations et des d\u00e9fis, et de l'importance de la collaboration au niveau europ\u00e9en.<\/p>\n\n<p style=\"margin-top:0;margin-bottom:var(--wp--preset--spacing--10);padding-top:0;padding-bottom:0\" class=\"eplus-wrapper eplus-styles-uid-da62d8\"><strong><a href=\"https:\/\/www.youtube.com\/watch?v=QG_I8NQPYuI&amp;t=10858s\" target=\"_blank\" rel=\"noreferrer noopener\">03:00:58 FORTE CULTURA Guide Kaiserswerth (DE) - Kaiserswerth 1702 et peut-\u00eatre plus... <\/a><\/strong><\/p>\n\n<p style=\"margin-top:0;margin-bottom:var(--wp--preset--spacing--10);padding-top:0;padding-bottom:0\" class=\"eplus-wrapper eplus-styles-uid-340f12\">Martin Kl\u00f6ffler a montr\u00e9 comment les visites guid\u00e9es et les reconstitutions historiques peuvent rendre un site fortifi\u00e9 complexe accessible et attrayant pour diff\u00e9rents publics.<\/p>\n\n<p style=\"margin-top:0;margin-bottom:var(--wp--preset--spacing--10);padding-top:0;padding-bottom:0\" class=\"eplus-wrapper eplus-styles-uid-da62d8\"><strong><a href=\"https:\/\/www.youtube.com\/watch?v=QG_I8NQPYuI&amp;t=11593s\" target=\"_blank\" rel=\"noreferrer noopener\">03:13:13 Juraj Dobrila Universit\u00e9 de Pula (HR) - Architecture fortifi\u00e9e pour la culture de la paix<\/a><\/strong> <\/p>\n\n<p style=\"margin-top:0;margin-bottom:var(--wp--preset--spacing--10);padding-top:0;padding-bottom:0\" class=\"eplus-wrapper eplus-styles-uid-340f12\">Nata\u0161a Uro\u0161evi\u0107, pr\u00e9sidente du comit\u00e9 scientifique de FORTE CULTURA, a pr\u00e9sent\u00e9 les activit\u00e9s de son universit\u00e9 sous le titre \u201cArchitecture fortifi\u00e9e pour la culture de la paix\u201d, notamment une s\u00e9rie de conf\u00e9rences scientifiques et de projets europ\u00e9ens de coop\u00e9ration transnationale.<\/p>\n\n\n<p class=\"eplus-wrapper\">La r\u00e9union s'est termin\u00e9e par une br\u00e8ve s\u00e9rie de commentaires et de conclusions, confirmant l'engagement commun de d\u00e9velopper la dimension de l'itin\u00e9raire culturel de FORTE CULTURA et de travailler ensemble \u00e0 la certification de l'IPCR. <\/p>\n\n\n\n<p class=\"eplus-wrapper\"><a href=\"https:\/\/www.youtube.com\/watch?v=QG_I8NQPYuI&amp;t=12591s\">03:29:51<\/a> Conclusion <br><a href=\"https:\/\/www.youtube.com\/watch?v=QG_I8NQPYuI&amp;t=12713s\">03:31:53<\/a> FORTE CULTURA Chanson de No\u00ebl (r\u00e9alis\u00e9e par suno AI)<\/p>\n\n\n\n<h2 class=\"wp-block-heading has-large-font-size eplus-wrapper\" style=\"margin-top:var(--wp--preset--spacing--30)\">FORTE CULTURA Chanson de No\u00ebl (r\u00e9alis\u00e9e par suno AI)<\/h2>\n\n\n\n<figure class=\"wp-block-audio eplus-wrapper\"><audio controls src=\"https:\/\/www.forte-cultura.network\/wp-content\/uploads\/2025\/12\/Fortified-Christmas-Cheer.mp3\"><\/audio><\/figure>\n\n\n\n<h2 class=\"wp-block-heading has-large-font-size eplus-wrapper\" style=\"margin-top:var(--wp--preset--spacing--40)\">Anciens postes de l'OMM2025 :<\/h2>\n<\/div>\n<\/div>\n\n\n<figure class=\"wp-block-embed is-type-wp-embed is-provider-forte-cultura-network wp-block-embed-forte-cultura-network eplus-wrapper\"><div class=\"wp-block-embed__wrapper\">\n<blockquote class=\"wp-embedded-content\" data-secret=\"JD8BoOmnQ9\"><a href=\"https:\/\/www.forte-cultura.network\/fr\/appel-a-tous-les-membres-rendez-vous-a-la-reunion-en-ligne-des-membres-de-forte-cultura-2025\/\">Appel \u00e0 tous les membres : rendez-vous \u00e0 la r\u00e9union en ligne des membres de FORTE CULTURA 2025<\/a><\/blockquote><iframe loading=\"lazy\" class=\"wp-embedded-content\" sandbox=\"allow-scripts\" security=\"restricted\" style=\"position: absolute; visibility: hidden;\" title=\"\u201cUn appel \u00e0 tous les membres : Rencontrons-nous lors de la r\u00e9union en ligne des membres de FORTE CULTURA 2025\u201d - R\u00e9seau FORTE CULTURA\" src=\"https:\/\/www.forte-cultura.network\/a-call-to-all-members-lets-meet-at-the-forte-cultura-online-member-meeting-2025\/embed\/#?secret=FpsW1yiVqK#?secret=JD8BoOmnQ9\" data-secret=\"JD8BoOmnQ9\" width=\"500\" height=\"282\" frameborder=\"0\" marginwidth=\"0\" marginheight=\"0\" scrolling=\"no\"><\/iframe>\n<\/div><\/figure>\n\n\n<div class=\"wp-block-columns eplus-wrapper is-layout-flex wp-container-core-columns-is-layout-28f84493 wp-block-columns-is-layout-flex eplus-styles-uid-442281\">\n<div class=\"wp-block-column eplus-wrapper is-layout-flow wp-block-column-is-layout-flow\"><\/div>\n<\/div>","protected":false},"excerpt":{"rendered":"<p>Sharing Tools, Strategies and Good Practices On 16 December 2025, FORTE CULTURA held its annual Online Member Meeting (OMM), bringing together fortress managers, researchers and partners from across Europe to [&hellip;]<\/p>\n","protected":false},"author":1,"featured_media":3821,"comment_status":"open","ping_status":"open","sticky":false,"template":"","format":"standard","meta":{"editor_plus_copied_stylings":"{}","pgc_sgb_lightbox_settings":"","_price":"","_stock":"","_tribe_ticket_header":"","_tribe_default_ticket_provider":"","_tribe_ticket_capacity":"0","_ticket_start_date":"","_ticket_end_date":"","_tribe_ticket_show_description":"","_tribe_ticket_show_not_going":false,"_tribe_ticket_use_global_stock":"","_tribe_ticket_global_stock_level":"","_global_stock_mode":"","_global_stock_cap":"","_tribe_rsvp_for_event":"","_tribe_ticket_going_count":"","_tribe_ticket_not_going_count":"","_tribe_tickets_list":"[]","_tribe_ticket_has_attendee_info_fields":false,"_EventAllDay":false,"_EventTimezone":"","_EventStartDate":"","_EventEndDate":"","_EventStartDateUTC":"","_EventEndDateUTC":"","_EventShowMap":false,"_EventShowMapLink":false,"_EventURL":"","_EventCost":"","_EventCostDescription":"","_EventCurrencySymbol":"","_EventCurrencyCode":"","_EventCurrencyPosition":"","_EventDateTimeSeparator":"","_EventTimeRangeSeparator":"","_EventOrganizerID":[],"_EventVenueID":[],"_OrganizerEmail":"","_OrganizerPhone":"","_OrganizerWebsite":"","_VenueAddress":"","_VenueCity":"","_VenueCountry":"","_VenueProvince":"","_VenueState":"","_VenueZip":"","_VenuePhone":"","_VenueURL":"","_VenueStateProvince":"","_VenueLat":"","_VenueLng":"","_VenueShowMap":false,"_VenueShowMapLink":false,"footnotes":""},"categories":[68,86,17,74,9,71,175,25,79,31,8,30,34,35,225,72,176,184],"tags":[135,121,120,136,140,142,141,218,133],"class_list":["post-4478","post","type-post","status-publish","format-standard","has-post-thumbnail","hentry","category-68","category-belfort","category-conference_articles","category-daugavpils","category-from-the-member-stations","category-josefov","category-la-linea-de-la-concepcion","category-previous-fortress-conferences","category-malta","category-medzhybizh","category-network-2","category-network-meetings","category-pula","category-sibenik","category-strausberg","category-suomenlinna","category-torgau","category-ziegenhain","tag-actionbound","tag-certification","tag-council-of-europe","tag-cultural-routes","tag-eu-heritage","tag-european-cultural-network","tag-euroschein","tag-omm","tag-reveel"],"_links":{"self":[{"href":"https:\/\/www.forte-cultura.network\/fr\/wp-json\/wp\/v2\/posts\/4478","targetHints":{"allow":["GET"]}}],"collection":[{"href":"https:\/\/www.forte-cultura.network\/fr\/wp-json\/wp\/v2\/posts"}],"about":[{"href":"https:\/\/www.forte-cultura.network\/fr\/wp-json\/wp\/v2\/types\/post"}],"author":[{"embeddable":true,"href":"https:\/\/www.forte-cultura.network\/fr\/wp-json\/wp\/v2\/users\/1"}],"replies":[{"embeddable":true,"href":"https:\/\/www.forte-cultura.network\/fr\/wp-json\/wp\/v2\/comments?post=4478"}],"version-history":[{"count":26,"href":"https:\/\/www.forte-cultura.network\/fr\/wp-json\/wp\/v2\/posts\/4478\/revisions"}],"predecessor-version":[{"id":4617,"href":"https:\/\/www.forte-cultura.network\/fr\/wp-json\/wp\/v2\/posts\/4478\/revisions\/4617"}],"wp:featuredmedia":[{"embeddable":true,"href":"https:\/\/www.forte-cultura.network\/fr\/wp-json\/wp\/v2\/media\/3821"}],"wp:attachment":[{"href":"https:\/\/www.forte-cultura.network\/fr\/wp-json\/wp\/v2\/media?parent=4478"}],"wp:term":[{"taxonomy":"category","embeddable":true,"href":"https:\/\/www.forte-cultura.network\/fr\/wp-json\/wp\/v2\/categories?post=4478"},{"taxonomy":"post_tag","embeddable":true,"href":"https:\/\/www.forte-cultura.network\/fr\/wp-json\/wp\/v2\/tags?post=4478"}],"curies":[{"name":"wp","href":"https:\/\/api.w.org\/{rel}","templated":true}]}}