{"id":4693,"date":"2025-12-31T14:21:16","date_gmt":"2025-12-31T13:21:16","guid":{"rendered":"https:\/\/www.forte-cultura.network\/?p=4693"},"modified":"2026-01-02T09:22:20","modified_gmt":"2026-01-02T08:22:20","slug":"une-nouvelle-annee-pour-forte-cultura-des-forteresses-a-la-communaute","status":"publish","type":"post","link":"https:\/\/www.forte-cultura.network\/fr\/a-new-year-for-forte-cultura-from-fortresses-to-community\/","title":{"rendered":"Une nouvelle ann\u00e9e pour FORTE CULTURA : des forteresses \u00e0 la communaut\u00e9"},"content":{"rendered":"<div class=\"wp-block-columns eplus-wrapper is-layout-flex wp-container-core-columns-is-layout-28f84493 wp-block-columns-is-layout-flex eplus-styles-uid-536296\">\n<div class=\"wp-block-column eplus-wrapper has-global-padding is-layout-constrained wp-container-core-column-is-layout-12243e0f wp-block-column-is-layout-constrained\" style=\"flex-basis:100%\">\n<p class=\"eplus-wrapper\">Une nouvelle ann\u00e9e est un bon moment pour faire une pause et se demander o\u00f9 nous allons en tant que r\u00e9seau. Pour FORTE CULTURA, l'ann\u00e9e 2026 sera importante : nous pr\u00e9parons notre candidature pour devenir un r\u00e9seau europ\u00e9en.\u00a0<strong>Itin\u00e9raire culturel du Conseil de l'Europe<\/strong>\u00a0et, en m\u00eame temps, nous voulons nous d\u00e9velopper en tant que v\u00e9ritable communaut\u00e9, et pas seulement en tant que liste de membres.<\/p>\n\n\n\n<p class=\"eplus-wrapper\">La certification d\u00e9livr\u00e9e par l'Institut europ\u00e9en des itin\u00e9raires culturels (IEIC) ne d\u00e9pendra pas seulement de la qualit\u00e9 de nos documents. Elle d\u00e9pendra \u00e9galement de la mani\u00e8re dont l'itin\u00e9raire appara\u00eet \u201cvivant\u201d de l'ext\u00e9rieur : dans quelle mesure nos membres utilisent le nom et le logo FORTE CULTURA, \u00e0 quelle fr\u00e9quence nous communiquons ensemble, comment nous montrons clairement que nous partageons une histoire et une direction. Si vous voulez une explication simple de\u00a0<strong>pourquoi la certification de l'IPCR est importante et comment nous pr\u00e9voyons d'y parvenir<\/strong>, Je vous invite \u00e0 regarder le\u00a0<a href=\"https:\/\/www.youtube.com\/watch?v=QG_I8NQPYuI&amp;t=908s\">pr\u00e9sentation de notre derni\u00e8re r\u00e9union des membres en ligne<\/a>.<\/p>\n\n\n\n<p class=\"eplus-wrapper\">C'est pourquoi, dans les mois \u00e0 venir, nous insisterons davantage sur\u00a0<strong>communaut\u00e9<\/strong>Le r\u00e9seau FORTE CULTURA : la reprise et l'adaptation du contenu du r\u00e9seau, l'apport de nouvelles br\u00e8ves et de photos de vos sites et l'utilisation de l'identit\u00e9 FORTE CULTURA dans votre travail quotidien ne sont pas des d\u00e9tails cosm\u00e9tiques, ils font partie de notre cr\u00e9dibilit\u00e9 en tant qu'itin\u00e9raire europ\u00e9en.<\/p>\n\n\n\n<p class=\"eplus-wrapper\">Parmi les \u00e9tapes \u00e0 venir, un \u00e9v\u00e9nement m\u00e9rite une attention particuli\u00e8re : l'Assembl\u00e9e g\u00e9n\u00e9rale des Nations unies.\u00a0<strong>Congr\u00e8s FORTE CULTURA<\/strong>\u00a0en\u00a0<strong>La L\u00ednea de la Concepci\u00f3n (Espagne), 21-24 avril 2026<\/strong>. La L\u00ednea, face au rocher de Gibraltar, symbolise tr\u00e8s bien ce que nous voulons r\u00e9aliser : un patrimoine fortifi\u00e9 r\u00e9interpr\u00e9t\u00e9 comme un lieu de tourisme durable, de coop\u00e9ration transfrontali\u00e8re et de vie publique. Le congr\u00e8s sera l'occasion de se rencontrer, de pr\u00e9senter des projets, de discuter de tourisme cr\u00e9atif et d'interpr\u00e9tation, et de montrer que notre route peut organiser des rencontres fortes au niveau europ\u00e9en. Vous pouvez d'ores et d\u00e9j\u00e0 trouver des informations sur notre site web :\u00a0<a href=\"https:\/\/www.forte-cultura.network\/fr\/evenement\/congres-forte-cultura-2026\/\">FORTE CULTURA Congr\u00e8s 2026 - La L\u00ednea de la Concepci\u00f3n<\/a>.<\/p>\n\n\n\n<p class=\"eplus-wrapper\">Si vous vous demandez par o\u00f9 commencer, notre dernier num\u00e9ro de la revue est un bon point de d\u00e9part.\u00a0<strong>R\u00e9union des membres en ligne 2025<\/strong>, est d\u00e9sormais disponible en ligne avec un r\u00e9sum\u00e9 complet. Vous y trouverez notre strat\u00e9gie en mati\u00e8re d'EICR, des exemples de projets de membres et des outils de communication et de tourisme que vous pouvez r\u00e9utiliser au niveau local. Je vous invite non seulement \u00e0 le regarder, mais aussi \u00e0 choisir une ou deux id\u00e9es que vous pourrez mettre en \u0153uvre dans votre forteresse, votre ville ou votre organisation cette ann\u00e9e :\u00a0<a href=\"https:\/\/www.forte-cultura.network\/fr\/reunion-en-ligne-des-membres-de-forte-cultura-2025\/\">R\u00e9union en ligne des membres de FORTE CULTURA 2025<\/a>.<\/p>\n\n\n\n<p class=\"eplus-wrapper\">Pour mes v\u0153ux de fin d'ann\u00e9e, j'ai choisi un vers de John Donne :\u00a0<em>\u201cAucun homme n'est une \u00eele.\u201d<\/em>\u00a0Je pense qu'il en va de m\u00eame pour notre patrimoine. Une forteresse seule est un objet fort ; un r\u00e9seau de forteresses qui se parlent, apprennent les unes des autres et agissent ensemble constitue un message beaucoup plus puissant pour l'Europe.<\/p>\n\n\n\n<p class=\"eplus-wrapper\">Mon souhait pour 2026 est que chaque membre se sente un peu plus partie prenante de cette histoire commune, des bastions aux bunkers, et que FORTE CULTURA puisse apporter quelque chose de concret \u00e0 votre travail quotidien : de la visibilit\u00e9, des id\u00e9es, des partenaires et un cadre europ\u00e9en plus fort.<\/p>\n\n\n\n<p class=\"eplus-wrapper\">Je vous souhaite une ann\u00e9e pleine de bons projets, de nouvelles rencontres et de moments de calme pour profiter de vos forteresses en toutes saisons. Et je me r\u00e9jouis de travailler avec vous sur le prochain chapitre de FORTE CULTURA.<\/p>\n\n\n\n<p class=\"eplus-wrapper\">Filippo Cailotto<br>Pr\u00e9sident, FORTE CULTURA e.V.<\/p>\n<\/div>\n<\/div>","protected":false},"excerpt":{"rendered":"<p>A new year is a good moment to pause and ask where we are going as a network. For FORTE CULTURA, 2026 will be important: we are preparing our application [&hellip;]<\/p>\n","protected":false},"author":2,"featured_media":4697,"comment_status":"open","ping_status":"open","sticky":false,"template":"","format":"standard","meta":{"editor_plus_copied_stylings":"{}","pgc_sgb_lightbox_settings":"","_price":"","_stock":"","_tribe_ticket_header":"","_tribe_default_ticket_provider":"","_tribe_ticket_capacity":"","_ticket_start_date":"","_ticket_end_date":"","_tribe_ticket_show_description":"","_tribe_ticket_show_not_going":false,"_tribe_ticket_use_global_stock":"","_tribe_ticket_global_stock_level":"","_global_stock_mode":"","_global_stock_cap":"","_tribe_rsvp_for_event":"","_tribe_ticket_going_count":"","_tribe_ticket_not_going_count":"","_tribe_tickets_list":"[]","_tribe_ticket_has_attendee_info_fields":false,"_EventAllDay":false,"_EventTimezone":"","_EventStartDate":"","_EventEndDate":"","_EventStartDateUTC":"","_EventEndDateUTC":"","_EventShowMap":false,"_EventShowMapLink":false,"_EventURL":"","_EventCost":"","_EventCostDescription":"","_EventCurrencySymbol":"","_EventCurrencyCode":"","_EventCurrencyPosition":"","_EventDateTimeSeparator":"","_EventTimeRangeSeparator":"","_EventOrganizerID":[],"_EventVenueID":[],"_OrganizerEmail":"","_OrganizerPhone":"","_OrganizerWebsite":"","_VenueAddress":"","_VenueCity":"","_VenueCountry":"","_VenueProvince":"","_VenueState":"","_VenueZip":"","_VenuePhone":"","_VenueURL":"","_VenueStateProvince":"","_VenueLat":"","_VenueLng":"","_VenueShowMap":false,"_VenueShowMapLink":false,"footnotes":""},"categories":[68,1,8,6],"tags":[],"class_list":["post-4693","post","type-post","status-publish","format-standard","has-post-thumbnail","hentry","category-68","category-general-2","category-network-2","category-news"],"_links":{"self":[{"href":"https:\/\/www.forte-cultura.network\/fr\/wp-json\/wp\/v2\/posts\/4693","targetHints":{"allow":["GET"]}}],"collection":[{"href":"https:\/\/www.forte-cultura.network\/fr\/wp-json\/wp\/v2\/posts"}],"about":[{"href":"https:\/\/www.forte-cultura.network\/fr\/wp-json\/wp\/v2\/types\/post"}],"author":[{"embeddable":true,"href":"https:\/\/www.forte-cultura.network\/fr\/wp-json\/wp\/v2\/users\/2"}],"replies":[{"embeddable":true,"href":"https:\/\/www.forte-cultura.network\/fr\/wp-json\/wp\/v2\/comments?post=4693"}],"version-history":[{"count":10,"href":"https:\/\/www.forte-cultura.network\/fr\/wp-json\/wp\/v2\/posts\/4693\/revisions"}],"predecessor-version":[{"id":4760,"href":"https:\/\/www.forte-cultura.network\/fr\/wp-json\/wp\/v2\/posts\/4693\/revisions\/4760"}],"wp:featuredmedia":[{"embeddable":true,"href":"https:\/\/www.forte-cultura.network\/fr\/wp-json\/wp\/v2\/media\/4697"}],"wp:attachment":[{"href":"https:\/\/www.forte-cultura.network\/fr\/wp-json\/wp\/v2\/media?parent=4693"}],"wp:term":[{"taxonomy":"category","embeddable":true,"href":"https:\/\/www.forte-cultura.network\/fr\/wp-json\/wp\/v2\/categories?post=4693"},{"taxonomy":"post_tag","embeddable":true,"href":"https:\/\/www.forte-cultura.network\/fr\/wp-json\/wp\/v2\/tags?post=4693"}],"curies":[{"name":"wp","href":"https:\/\/api.w.org\/{rel}","templated":true}]}}