{"id":1,"date":"2023-12-19T16:01:17","date_gmt":"2023-12-19T15:01:17","guid":{"rendered":"http:\/\/www.forte-cultura.network\/?p=1"},"modified":"2025-12-17T11:15:36","modified_gmt":"2025-12-17T10:15:36","slug":"spotkanie-czlonkow-online-forte-cultura-omm-2023","status":"publish","type":"post","link":"https:\/\/www.forte-cultura.network\/pl\/forte-cultura-online-mitglieder-meeting-omm-2023\/","title":{"rendered":"Spotkanie cz\u0142onk\u00f3w online FORTE CULTURA (OMM) 2023"},"content":{"rendered":"<div class=\"wp-block-columns alignwide eplus-wrapper is-layout-flex wp-container-core-columns-is-layout-28f84493 wp-block-columns-is-layout-flex eplus-styles-uid-153bfd\">\n<div class=\"wp-block-column eplus-wrapper is-layout-flow wp-block-column-is-layout-flow\">\n<p class=\"eplus-wrapper\">23 uczestnik\u00f3w z 6 kraj\u00f3w poinformowa\u0142o si\u0119 nawzajem o bie\u017c\u0105cych projektach i dzia\u0142aniach w swoich twierdzach podczas pierwszego internetowego spotkania cz\u0142onk\u00f3w FORTE CULTURA (OMM) pod koniec listopada. Filippo Cailotto wyg\u0142osi\u0142 \u017cywy wyk\u0142ad wprowadzaj\u0105cy na temat Nowego Europejskiego Bauhausu, a Frauke Vos-Firnkes i Dirk R\u00f6der poinformowali o aktualnych tematach dotycz\u0105cych sieci i szlaku kulturowego.<\/p>\n\n\n\n<p class=\"eplus-wrapper\">Nowy format online ma na celu zgromadzenie cz\u0142onk\u00f3w FORTE CULTURA, aby uczy\u0107 si\u0119 od siebie nawzajem i rozpocz\u0105\u0107 wsp\u00f3lne dzia\u0142ania. W przysz\u0142o\u015bci OMM b\u0119dzie odbywa\u0107 si\u0119 co najmniej raz w roku. Podczas rejestracji uczestnicy mog\u0105 zarezerwowa\u0107 10 minut czasu na wyst\u0105pienie, w kt\u00f3rym mog\u0105 zda\u0107 relacj\u0119 ze swoich twierdz lub przedstawi\u0107 aktualne tematy do dyskusji.<\/p>\n\n\n\n<p class=\"eplus-wrapper\">Nagrania wideo z niekt\u00f3rych prezentacji s\u0105 dost\u0119pne poni\u017cej.<\/p>\n\n\n\n<p class=\"eplus-wrapper\"><\/p>\n\n\n<div class=\"wp-block-columns eplus-wrapper is-layout-flex wp-container-core-columns-is-layout-28f84493 wp-block-columns-is-layout-flex eplus-styles-uid-fee515\">\n<div class=\"wp-block-column eplus-wrapper is-layout-flow wp-block-column-is-layout-flow\">\n<p class=\"eplus-wrapper\"><strong>OMM2023: Festung Medzhybizh, UA (EN)<\/strong><\/p>\n\n\n\n<figure class=\"wp-embed-aspect-16-9 wp-has-aspect-ratio wp-block-embed is-type-video is-provider-youtube wp-block-embed-youtube eplus-wrapper\"><div class=\"wp-block-embed__wrapper\">\n<iframe loading=\"lazy\" title=\"FORTE CULTURA OMM2023 Sekwencja Medzhybizh\" width=\"500\" height=\"281\" src=\"https:\/\/www.youtube.com\/embed\/SBFVwcPdQBs?feature=oembed\" frameborder=\"0\" allow=\"accelerometer; autoplay; clipboard-write; encrypted-media; gyroscope; picture-in-picture; web-share\" referrerpolicy=\"strict-origin-when-cross-origin\" allowfullscreen><\/iframe>\n<\/div><\/figure>\n<\/div>\n\n\n\n<div class=\"wp-block-column eplus-wrapper is-layout-flow wp-block-column-is-layout-flow\">\n<p class=\"eplus-wrapper\"><strong>OMM2023: Uniwersytet Lwowski, UA (PL)<\/strong><\/p>\n\n\n\n<figure class=\"wp-embed-aspect-4-3 wp-has-aspect-ratio wp-block-embed is-type-video is-provider-youtube wp-block-embed-youtube eplus-wrapper\"><div class=\"wp-block-embed__wrapper\">\n<iframe loading=\"lazy\" title=\"FORTE CULTURA OMM2023 Sekwencja Lw\u00f3w\" width=\"500\" height=\"281\" src=\"https:\/\/www.youtube.com\/embed\/IpAPDDP9rUY?feature=oembed\" frameborder=\"0\" allow=\"accelerometer; autoplay; clipboard-write; encrypted-media; gyroscope; picture-in-picture; web-share\" referrerpolicy=\"strict-origin-when-cross-origin\" allowfullscreen><\/iframe>\n<\/div><figcaption class=\"wp-element-caption\">Illia Lytvynchuk, Narodowy Uniwersytet Politechniki Lwowskiej (UA)<\/figcaption><\/figure>\n<\/div>\n\n\n\n<div class=\"wp-block-column eplus-wrapper is-layout-flow wp-block-column-is-layout-flow\">\n<p class=\"eplus-wrapper\"><strong>OMM2023: Nowy europejski Bauhaus (PL)<\/strong><\/p>\n\n\n\n<figure class=\"wp-embed-aspect-4-3 wp-has-aspect-ratio wp-block-embed is-type-video is-provider-youtube wp-block-embed-youtube eplus-wrapper\"><div class=\"wp-block-embed__wrapper\">\n<iframe loading=\"lazy\" title=\"OMM2023 Sekwencja Nowy europejski Bauhaus\" width=\"500\" height=\"281\" src=\"https:\/\/www.youtube.com\/embed\/CDZv0usKkwM?feature=oembed\" frameborder=\"0\" allow=\"accelerometer; autoplay; clipboard-write; encrypted-media; gyroscope; picture-in-picture; web-share\" referrerpolicy=\"strict-origin-when-cross-origin\" allowfullscreen><\/iframe>\n<\/div><figcaption class=\"wp-element-caption\">Filippo Cailotto (IT), FORTE CULTURA e.V.<\/figcaption><\/figure>\n<\/div>\n<\/div>\n\n<div class=\"wp-block-columns eplus-wrapper is-layout-flex wp-container-core-columns-is-layout-28f84493 wp-block-columns-is-layout-flex eplus-styles-uid-1d018b\">\n<div class=\"wp-block-column eplus-wrapper is-layout-flow wp-block-column-is-layout-flow\">\n<p class=\"eplus-wrapper\"><strong>OMM2023: Kulturfestung \u0160ibenik, HR (EN)<\/strong><\/p>\n\n\n\n<figure class=\"wp-embed-aspect-4-3 wp-has-aspect-ratio wp-block-embed is-type-video is-provider-youtube wp-block-embed-youtube eplus-wrapper\"><div class=\"wp-block-embed__wrapper\">\n<iframe loading=\"lazy\" title=\"OMM2023 Sequenz Sibenik\" width=\"500\" height=\"281\" src=\"https:\/\/www.youtube.com\/embed\/_081yKluoBw?feature=oembed\" frameborder=\"0\" allow=\"accelerometer; autoplay; clipboard-write; encrypted-media; gyroscope; picture-in-picture; web-share\" referrerpolicy=\"strict-origin-when-cross-origin\" allowfullscreen><\/iframe>\n<\/div><figcaption class=\"wp-element-caption\">Ivana Lu\u010dev i Vera Jergovi\u0107 Bolan\u010da, Kulturfestung \u0160ibenik (HR)<\/figcaption><\/figure>\n<\/div>\n\n\n\n<div class=\"wp-block-column eplus-wrapper is-layout-flow wp-block-column-is-layout-flow\">\n<p class=\"eplus-wrapper\"><strong>OMM2023: Festung Josefov, CZ (PL)<\/strong><\/p>\n\n\n\n<figure class=\"wp-embed-aspect-4-3 wp-has-aspect-ratio wp-block-embed is-type-video is-provider-youtube wp-block-embed-youtube eplus-wrapper\"><div class=\"wp-block-embed__wrapper\">\n<iframe loading=\"lazy\" title=\"OMM2023 Sekwencja Josefov\" width=\"500\" height=\"281\" src=\"https:\/\/www.youtube.com\/embed\/zIc04Uz_nFU?feature=oembed\" frameborder=\"0\" allow=\"accelerometer; autoplay; clipboard-write; encrypted-media; gyroscope; picture-in-picture; web-share\" referrerpolicy=\"strict-origin-when-cross-origin\" allowfullscreen><\/iframe>\n<\/div><figcaption class=\"wp-element-caption\">Tom\u00e1\u0161 Jirouch, pevnostjosefov.cz<\/figcaption><\/figure>\n<\/div>\n\n\n\n<div class=\"wp-block-column eplus-wrapper is-layout-flow wp-block-column-is-layout-flow\">\n<p class=\"eplus-wrapper\"><strong>OMM2023: Festung Terez\u00edn, CZ (PL)<\/strong><\/p>\n\n\n\n<figure class=\"wp-embed-aspect-4-3 wp-has-aspect-ratio wp-block-embed is-type-video is-provider-youtube wp-block-embed-youtube eplus-wrapper\"><div class=\"wp-block-embed__wrapper\">\n<iframe loading=\"lazy\" title=\"OMM2023 Sekwencja Terezin\" width=\"500\" height=\"281\" src=\"https:\/\/www.youtube.com\/embed\/sAoIy5XobTQ?feature=oembed\" frameborder=\"0\" allow=\"accelerometer; autoplay; clipboard-write; encrypted-media; gyroscope; picture-in-picture; web-share\" referrerpolicy=\"strict-origin-when-cross-origin\" allowfullscreen><\/iframe>\n<\/div><figcaption class=\"wp-element-caption\">Jiri Hofman, Terez\u00edn - m\u011bsto zm\u011bny (CZ)<\/figcaption><\/figure>\n<\/div>\n<\/div>\n\n<div class=\"wp-block-columns eplus-wrapper is-layout-flex wp-container-core-columns-is-layout-28f84493 wp-block-columns-is-layout-flex eplus-styles-uid-1b4f38\">\n<div class=\"wp-block-column eplus-wrapper is-layout-flow wp-block-column-is-layout-flow\">\n<p class=\"eplus-wrapper\"><strong>OMM2023: Aplikacja WHL Srebrna G\u00f3ra (PL)<\/strong><\/p>\n\n\n\n<figure class=\"wp-embed-aspect-4-3 wp-has-aspect-ratio wp-block-embed is-type-video is-provider-youtube wp-block-embed-youtube eplus-wrapper\"><div class=\"wp-block-embed__wrapper\">\n<iframe loading=\"lazy\" title=\"OMM2023 Sekwencja Marcin\" width=\"500\" height=\"281\" src=\"https:\/\/www.youtube.com\/embed\/mYoGdOn_gPE?feature=oembed\" frameborder=\"0\" allow=\"accelerometer; autoplay; clipboard-write; encrypted-media; gyroscope; picture-in-picture; web-share\" referrerpolicy=\"strict-origin-when-cross-origin\" allowfullscreen><\/iframe>\n<\/div><figcaption class=\"wp-element-caption\">Marcin Gorski, TU Warschau, Komitet Naukowy FORTE CULTURA<\/figcaption><\/figure>\n<\/div>\n\n\n\n<div class=\"wp-block-column eplus-wrapper is-layout-flow wp-block-column-is-layout-flow\">\n<p class=\"eplus-wrapper\"><strong>OMM2023: Festung Ingolstadt, DE (PL)<\/strong><\/p>\n\n\n\n<figure class=\"wp-embed-aspect-4-3 wp-has-aspect-ratio wp-block-embed is-type-video is-provider-youtube wp-block-embed-youtube eplus-wrapper\"><div class=\"wp-block-embed__wrapper\">\n<iframe loading=\"lazy\" title=\"OMM2023 Sekwencja Ingolstadt\" width=\"500\" height=\"281\" src=\"https:\/\/www.youtube.com\/embed\/aQsvptIYJdc?feature=oembed\" frameborder=\"0\" allow=\"accelerometer; autoplay; clipboard-write; encrypted-media; gyroscope; picture-in-picture; web-share\" referrerpolicy=\"strict-origin-when-cross-origin\" allowfullscreen><\/iframe>\n<\/div><figcaption class=\"wp-element-caption\">Maximilian Schuster, F\u00f6rderverein Landesfestung Ingolstadt, e.V.<\/figcaption><\/figure>\n<\/div>\n\n\n\n<div class=\"wp-block-column eplus-wrapper is-layout-flow wp-block-column-is-layout-flow\">\n<p class=\"eplus-wrapper\"><strong>OMM2023: Festungsgruppe Oberrhein 1870-1999, DE-FR (EN)<\/strong><\/p>\n\n\n\n<figure class=\"wp-embed-aspect-4-3 wp-has-aspect-ratio wp-block-embed is-type-video is-provider-youtube wp-block-embed-youtube eplus-wrapper\"><div class=\"wp-block-embed__wrapper\">\n<iframe loading=\"lazy\" title=\"OMM2023 Sekwencja Wein\" width=\"500\" height=\"281\" src=\"https:\/\/www.youtube.com\/embed\/cIJ6MhWPtms?feature=oembed\" frameborder=\"0\" allow=\"accelerometer; autoplay; clipboard-write; encrypted-media; gyroscope; picture-in-picture; web-share\" referrerpolicy=\"strict-origin-when-cross-origin\" allowfullscreen><\/iframe>\n<\/div><figcaption class=\"wp-element-caption\">Friedrich Wein (DE)<\/figcaption><\/figure>\n<\/div>\n<\/div><\/div>\n<\/div>\n\n\n<p class=\"eplus-wrapper\"><\/p>","protected":false},"excerpt":{"rendered":"<p>23 participants from 6 countries informed each other about current projects and activities in their fortress locations at the first FORTE CULTURA Online Member Meeting (OMM) at the end of [&hellip;]<\/p>\n","protected":false},"author":1,"featured_media":2277,"comment_status":"open","ping_status":"open","sticky":false,"template":"","format":"standard","meta":{"editor_plus_copied_stylings":"{}","pgc_sgb_lightbox_settings":"","_price":"","_stock":"","_tribe_ticket_header":"","_tribe_default_ticket_provider":"","_tribe_ticket_capacity":"0","_ticket_start_date":"","_ticket_end_date":"","_tribe_ticket_show_description":"","_tribe_ticket_show_not_going":false,"_tribe_ticket_use_global_stock":"","_tribe_ticket_global_stock_level":"","_global_stock_mode":"","_global_stock_cap":"","_tribe_rsvp_for_event":"","_tribe_ticket_going_count":"","_tribe_ticket_not_going_count":"","_tribe_tickets_list":"[]","_tribe_ticket_has_attendee_info_fields":false,"_EventAllDay":false,"_EventTimezone":"","_EventStartDate":"","_EventEndDate":"","_EventStartDateUTC":"","_EventEndDateUTC":"","_EventShowMap":false,"_EventShowMapLink":false,"_EventURL":"","_EventCost":"","_EventCostDescription":"","_EventCurrencySymbol":"","_EventCurrencyCode":"","_EventCurrencyPosition":"","_EventDateTimeSeparator":"","_EventTimeRangeSeparator":"","_EventOrganizerID":[],"_EventVenueID":[],"_OrganizerEmail":"","_OrganizerPhone":"","_OrganizerWebsite":"","_VenueAddress":"","_VenueCity":"","_VenueCountry":"","_VenueProvince":"","_VenueState":"","_VenueZip":"","_VenuePhone":"","_VenueURL":"","_VenueStateProvince":"","_VenueLat":"","_VenueLng":"","_VenueShowMap":false,"_VenueShowMapLink":false,"footnotes":""},"categories":[7,17,25,8,30,6],"tags":[],"class_list":["post-1","post","type-post","status-publish","format-standard","has-post-thumbnail","hentry","category-7","category-conference_articles","category-previous-fortress-conferences","category-network-2","category-network-meetings","category-news"],"_links":{"self":[{"href":"https:\/\/www.forte-cultura.network\/pl\/wp-json\/wp\/v2\/posts\/1","targetHints":{"allow":["GET"]}}],"collection":[{"href":"https:\/\/www.forte-cultura.network\/pl\/wp-json\/wp\/v2\/posts"}],"about":[{"href":"https:\/\/www.forte-cultura.network\/pl\/wp-json\/wp\/v2\/types\/post"}],"author":[{"embeddable":true,"href":"https:\/\/www.forte-cultura.network\/pl\/wp-json\/wp\/v2\/users\/1"}],"replies":[{"embeddable":true,"href":"https:\/\/www.forte-cultura.network\/pl\/wp-json\/wp\/v2\/comments?post=1"}],"version-history":[{"count":1,"href":"https:\/\/www.forte-cultura.network\/pl\/wp-json\/wp\/v2\/posts\/1\/revisions"}],"predecessor-version":[{"id":4479,"href":"https:\/\/www.forte-cultura.network\/pl\/wp-json\/wp\/v2\/posts\/1\/revisions\/4479"}],"wp:featuredmedia":[{"embeddable":true,"href":"https:\/\/www.forte-cultura.network\/pl\/wp-json\/wp\/v2\/media\/2277"}],"wp:attachment":[{"href":"https:\/\/www.forte-cultura.network\/pl\/wp-json\/wp\/v2\/media?parent=1"}],"wp:term":[{"taxonomy":"category","embeddable":true,"href":"https:\/\/www.forte-cultura.network\/pl\/wp-json\/wp\/v2\/categories?post=1"},{"taxonomy":"post_tag","embeddable":true,"href":"https:\/\/www.forte-cultura.network\/pl\/wp-json\/wp\/v2\/tags?post=1"}],"curies":[{"name":"wp","href":"https:\/\/api.w.org\/{rel}","templated":true}]}}