{"id":4040,"date":"2026-04-30T00:00:00","date_gmt":"2026-04-29T22:00:00","guid":{"rendered":"https:\/\/www.forte-cultura.network\/?p=4040"},"modified":"2026-03-10T07:01:52","modified_gmt":"2026-03-10T06:01:52","slug":"zwiedzanie-twierdzy-federalnej-ulm-z-przewodnikiem-wglad-w-zywa-historie","status":"publish","type":"post","link":"https:\/\/www.forte-cultura.network\/pl\/experience-the-ulm-federal-fortress-de-guided-tours-insights-living-history\/","title":{"rendered":"Poznaj twierdz\u0119 federaln\u0105 Ulm (DE): Wycieczki z przewodnikiem, spostrze\u017cenia i \u017cywa historia"},"content":{"rendered":"<div class=\"wp-block-columns alignwide eplus-wrapper is-layout-flex wp-container-core-columns-is-layout-28f84493 wp-block-columns-is-layout-flex eplus-styles-uid-60af8d\">\n<div class=\"wp-block-column eplus-wrapper is-layout-flow wp-block-column-is-layout-flow\">\n<p class=\" eplus-wrapper\"><em><strong>Author:<\/strong> Kristina Saur \/ Ulm\/Neu-Ulm Touristik GmbH<\/em><\/p>\n\n\n\n<p class=\" eplus-wrapper\"><em><strong>Front image:<\/strong> F\u00fchrung am Fort Kuhberg (Tobias Rocholl)<\/em>, <em><strong>Photos by:<\/strong> bildwerk89<\/em><\/p>\n\n\n\n<p class=\" eplus-wrapper\">The Ulm Federal Fortress is one of Europe\u2019s most significant fortification systems\u2014yet many visitors only grasp its scale, history and hidden structures through a guided tour. With a diverse program ranging from family-friendly experiences to exclusive visits of rarely accessible outer forts, Ulm\/Neu-Ulm Touristik GmbH and the F\u00f6rderkreis Bundesfestung Ulm e.V. open the doors each year to this remarkable 19th-century military monument.<\/p>\n\n\n\n<p class=\" eplus-wrapper\">The wide-ranging tour program of the Ulm Federal Fortress highlights one thing above all: this extraordinary fortification landscape can be explored in many different ways. To offer both locals and guests multiple points of access, Ulm\/Neu-Ulm Touristik GmbH, together with the F\u00f6rderkreis Bundesfestung Ulm e.V., presents a rich selection of thematic tours that reveal the historical, architectural and cultural dimensions of the fortress.<\/p>\n\n\n\n<p class=\" eplus-wrapper\">A particular favorite among families is the children\u2019s flashlight tour inside Wilhelmsburg (Work XII). Equipped with their own lamps, young explorers venture through winding corridors, vaulted casemates and narrow stone stairways\u2014an unforgettable adventure that brings history to life in an engaging and playful way.<\/p>\n\n\n\n<p class=\" eplus-wrapper\">In addition to these family experiences, regularly offered fortress tours provide rare opportunities to visit outer works normally closed to the public. These include Fort Prittwitz, named after the fortress\u2019s chief engineer; the circular Fort Illerkanal, which holds a unique position within the system of outer forts; the half bastion with its impressive gunpowder magazine in Neu-Ulm; or the Kienlesberg Bastion with its western mountain front. The monumental Fort Albeck, the largest of all outer forts, also opens for guided tours\u2014featuring reconstructed structures and museum-quality installations that vividly illustrate the scale and function of this vast military site.<\/p>\n\n\n\n<p class=\" eplus-wrapper\">All tours are led by knowledgeable fortress guides from the F\u00f6rderkreis Bundesfestung Ulm e.V., whose expertise brings depth and detail to each visit. Ulm\/Neu-Ulm Touristik GmbH provides overarching information, visitor guidance and complementary city tours that help place the fortress in a broader urban and historical context.<\/p>\n\n\n\n<p class=\" eplus-wrapper\">Current information, meeting points and tour schedules are available at <a href=\"http:\/\/www.festung-ulm.de\">www.festung-ulm.de<\/a> and <a href=\"http:\/\/www.tourismus.ulm.de\">www.tourismus.ulm.de<\/a>. Together, the programs create a diverse and welcoming offer that makes the Ulm Federal Fortress accessible to a wide audience\u2014transforming one of Europe\u2019s most important fortifications into a lively, engaging and inspiring cultural experience. Whether driven by curiosity, historical interest or the joy of discovery, every tour opens up a new perspective on this exceptional heritage site.<\/p>\n\n\n\n<p class=\" eplus-wrapper\"><\/p>\n\n\n<div class=\"pgc-sgb-cb wp-block-pgcsimplygalleryblock-masonry \" data-gallery-id=\"74792079\"><div class=\"sgb-preloader\" id=\"pr_74792079\">\n\t<div class=\"sgb-square\" style=\"background:#d4d4d4\"><\/div>\n\t<div class=\"sgb-square\" style=\"background:#d4d4d4\"><\/div>\n\t<div class=\"sgb-square\" style=\"background:#d4d4d4\"><\/div>\n\t<div class=\"sgb-square\" style=\"background:#d4d4d4\"><\/div><\/div><div class=\"simply-gallery-amp pgc_sgb_slider \"><noscript><div class=\"sgb-gallery\"><div class=\"sgb-item\"><a href=\"https:\/\/www.forte-cultura.network\/2025_ul_festung_oberereselsbergcbildwerk89-12\/\" target=\"_blank\"><img decoding=\"async\" alt=\"\" width=\"300\" height=\"200\" loading=\"lazy\" src=\"https:\/\/www.forte-cultura.network\/wp-content\/uploads\/2025\/12\/2025_UL_Festung_ObererEselsbergcbildwerk89-12-300x200.jpg\" srcset=\"https:\/\/www.forte-cultura.network\/wp-content\/uploads\/2025\/12\/2025_UL_Festung_ObererEselsbergcbildwerk89-12-300x200.jpg 300w,https:\/\/www.forte-cultura.network\/wp-content\/uploads\/2025\/12\/2025_UL_Festung_ObererEselsbergcbildwerk89-12-1024x683.jpg 1024w,https:\/\/www.forte-cultura.network\/wp-content\/uploads\/2025\/12\/2025_UL_Festung_ObererEselsbergcbildwerk89-12-scaled.jpg 2560w\" sizes=\"auto, 250px\"><\/a><\/div><div class=\"sgb-item\"><a href=\"https:\/\/www.forte-cultura.network\/2025_ul_festung_obererkuhbergcbildwerk89-12\/\" target=\"_blank\"><img decoding=\"async\" alt=\"\" width=\"300\" height=\"200\" loading=\"lazy\" src=\"https:\/\/www.forte-cultura.network\/wp-content\/uploads\/2025\/12\/2025_UL_Festung_ObererKuhbergcbildwerk89-12-300x200.jpg\" srcset=\"https:\/\/www.forte-cultura.network\/wp-content\/uploads\/2025\/12\/2025_UL_Festung_ObererKuhbergcbildwerk89-12-300x200.jpg 300w,https:\/\/www.forte-cultura.network\/wp-content\/uploads\/2025\/12\/2025_UL_Festung_ObererKuhbergcbildwerk89-12-1024x683.jpg 1024w,https:\/\/www.forte-cultura.network\/wp-content\/uploads\/2025\/12\/2025_UL_Festung_ObererKuhbergcbildwerk89-12-scaled.jpg 2560w\" sizes=\"auto, 250px\"><\/a><\/div><div class=\"sgb-item\"><a href=\"https:\/\/www.forte-cultura.network\/2025_ul_festung_obererkuhbergcbildwerk89-6\/\" target=\"_blank\"><img decoding=\"async\" alt=\"\" width=\"300\" height=\"200\" loading=\"lazy\" src=\"https:\/\/www.forte-cultura.network\/wp-content\/uploads\/2025\/12\/2025_UL_Festung_ObererKuhbergcbildwerk89-6-300x200.jpg\" srcset=\"https:\/\/www.forte-cultura.network\/wp-content\/uploads\/2025\/12\/2025_UL_Festung_ObererKuhbergcbildwerk89-6-300x200.jpg 300w,https:\/\/www.forte-cultura.network\/wp-content\/uploads\/2025\/12\/2025_UL_Festung_ObererKuhbergcbildwerk89-6-1024x683.jpg 1024w,https:\/\/www.forte-cultura.network\/wp-content\/uploads\/2025\/12\/2025_UL_Festung_ObererKuhbergcbildwerk89-6-scaled.jpg 2560w\" sizes=\"auto, 250px\"><\/a><\/div><div class=\"sgb-item\"><a href=\"https:\/\/www.forte-cultura.network\/2025_ul_festung_oberereselsbergcbildwerk89-16\/\" target=\"_blank\"><img decoding=\"async\" alt=\"\" width=\"300\" height=\"200\" loading=\"lazy\" src=\"https:\/\/www.forte-cultura.network\/wp-content\/uploads\/2025\/12\/2025_UL_Festung_ObererEselsbergcbildwerk89-16-300x200.jpg\" srcset=\"https:\/\/www.forte-cultura.network\/wp-content\/uploads\/2025\/12\/2025_UL_Festung_ObererEselsbergcbildwerk89-16-300x200.jpg 300w,https:\/\/www.forte-cultura.network\/wp-content\/uploads\/2025\/12\/2025_UL_Festung_ObererEselsbergcbildwerk89-16-1024x683.jpg 1024w,https:\/\/www.forte-cultura.network\/wp-content\/uploads\/2025\/12\/2025_UL_Festung_ObererEselsbergcbildwerk89-16-scaled.jpg 2560w\" sizes=\"auto, 250px\"><\/a><\/div><div class=\"sgb-item\"><a href=\"https:\/\/www.forte-cultura.network\/2025_ul_festung_obererkuhbergcbildwerk89-7\/\" target=\"_blank\"><img decoding=\"async\" alt=\"\" width=\"300\" height=\"200\" loading=\"lazy\" src=\"https:\/\/www.forte-cultura.network\/wp-content\/uploads\/2025\/12\/2025_UL_Festung_ObererKuhbergcbildwerk89-7-300x200.jpg\" srcset=\"https:\/\/www.forte-cultura.network\/wp-content\/uploads\/2025\/12\/2025_UL_Festung_ObererKuhbergcbildwerk89-7-300x200.jpg 300w,https:\/\/www.forte-cultura.network\/wp-content\/uploads\/2025\/12\/2025_UL_Festung_ObererKuhbergcbildwerk89-7-1024x683.jpg 1024w,https:\/\/www.forte-cultura.network\/wp-content\/uploads\/2025\/12\/2025_UL_Festung_ObererKuhbergcbildwerk89-7-scaled.jpg 2560w\" sizes=\"auto, 250px\"><\/a><\/div><div class=\"sgb-item\"><a href=\"https:\/\/www.forte-cultura.network\/2025_ul_festung_obererkuhbergcbildewerk89-20\/\" target=\"_blank\"><img decoding=\"async\" alt=\"\" width=\"300\" height=\"200\" loading=\"lazy\" src=\"https:\/\/www.forte-cultura.network\/wp-content\/uploads\/2025\/12\/2025_UL_Festung_ObererKuhbergcbildewerk89-20-300x200.jpg\" srcset=\"https:\/\/www.forte-cultura.network\/wp-content\/uploads\/2025\/12\/2025_UL_Festung_ObererKuhbergcbildewerk89-20-300x200.jpg 300w,https:\/\/www.forte-cultura.network\/wp-content\/uploads\/2025\/12\/2025_UL_Festung_ObererKuhbergcbildewerk89-20-1024x683.jpg 1024w,https:\/\/www.forte-cultura.network\/wp-content\/uploads\/2025\/12\/2025_UL_Festung_ObererKuhbergcbildewerk89-20-scaled.jpg 2560w\" sizes=\"auto, 250px\"><\/a><\/div><div class=\"sgb-item\"><a href=\"https:\/\/www.forte-cultura.network\/2025_ul_festung_obererkuhbergcbildwerk89-15\/\" target=\"_blank\"><img decoding=\"async\" alt=\"\" width=\"300\" height=\"200\" loading=\"lazy\" src=\"https:\/\/www.forte-cultura.network\/wp-content\/uploads\/2025\/12\/2025_UL_Festung_ObererKuhbergcbildwerk89-15-300x200.jpg\" srcset=\"https:\/\/www.forte-cultura.network\/wp-content\/uploads\/2025\/12\/2025_UL_Festung_ObererKuhbergcbildwerk89-15-300x200.jpg 300w,https:\/\/www.forte-cultura.network\/wp-content\/uploads\/2025\/12\/2025_UL_Festung_ObererKuhbergcbildwerk89-15-1024x683.jpg 1024w,https:\/\/www.forte-cultura.network\/wp-content\/uploads\/2025\/12\/2025_UL_Festung_ObererKuhbergcbildwerk89-15-scaled.jpg 2560w\" sizes=\"auto, 250px\"><\/a><\/div><div class=\"sgb-item\"><a href=\"https:\/\/www.forte-cultura.network\/ulmer-extras-fuhrung-fort-oberer-kuhberg\/\" target=\"_blank\"><img decoding=\"async\" alt=\"\" width=\"300\" height=\"200\" loading=\"lazy\" src=\"https:\/\/www.forte-cultura.network\/wp-content\/uploads\/2025\/12\/2019_Ulm_Extrasfuhrung_FortKuhbergcTobiasRocholl-2-300x200.jpg\" srcset=\"https:\/\/www.forte-cultura.network\/wp-content\/uploads\/2025\/12\/2019_Ulm_Extrasfuhrung_FortKuhbergcTobiasRocholl-2-300x200.jpg 300w,https:\/\/www.forte-cultura.network\/wp-content\/uploads\/2025\/12\/2019_Ulm_Extrasfuhrung_FortKuhbergcTobiasRocholl-2-1024x683.jpg 1024w,https:\/\/www.forte-cultura.network\/wp-content\/uploads\/2025\/12\/2019_Ulm_Extrasfuhrung_FortKuhbergcTobiasRocholl-2-scaled.jpg 2560w\" sizes=\"auto, 250px\"><\/a><div class=\"sgb-item-caption\"><em>Ulmer Extras F\u00fchrung &#8211; Fort Oberer Kuhberg<\/em><\/div><\/div><\/div><\/noscript><\/div><script type=\"application\/json\" class=\"sgb-data\">{\"collectionColumns\":2,\"captions\":false,\"galleryType\":\"pgc_sgb_masonry\",\"galleryId\":\"74792079\",\"images\":[{\"id\":4716,\"title\":\"2025_UL_Festung_ObererEselsberg(c)bildwerk89 (12)\",\"url\":\"https:\/\/www.forte-cultura.network\/wp-content\/uploads\/2025\/12\/2025_UL_Festung_ObererEselsbergcbildwerk89-12-scaled.jpg\",\"link\":\"https:\/\/www.forte-cultura.network\/2025_ul_festung_oberereselsbergcbildwerk89-12\/\",\"alt\":\"\",\"description\":\"\",\"caption\":\"\",\"mime\":\"image\/jpeg\",\"type\":\"image\",\"width\":2560,\"height\":1707,\"sizes\":{\"thumbnail\":{\"height\":150,\"width\":150,\"url\":\"https:\/\/www.forte-cultura.network\/wp-content\/uploads\/2025\/12\/2025_UL_Festung_ObererEselsbergcbildwerk89-12-150x150.jpg\",\"orientation\":\"landscape\"},\"medium\":{\"height\":200,\"width\":300,\"url\":\"https:\/\/www.forte-cultura.network\/wp-content\/uploads\/2025\/12\/2025_UL_Festung_ObererEselsbergcbildwerk89-12-300x200.jpg\",\"orientation\":\"landscape\"},\"large\":{\"height\":683,\"width\":1024,\"url\":\"https:\/\/www.forte-cultura.network\/wp-content\/uploads\/2025\/12\/2025_UL_Festung_ObererEselsbergcbildwerk89-12-1024x683.jpg\",\"orientation\":\"landscape\"},\"full\":{\"url\":\"https:\/\/www.forte-cultura.network\/wp-content\/uploads\/2025\/12\/2025_UL_Festung_ObererEselsbergcbildwerk89-12-scaled.jpg\",\"height\":1707,\"width\":2560,\"orientation\":\"landscape\"}},\"imageMeta\":{\"aperture\":\"2.2\",\"credit\":\"Bildwerk89\",\"camera\":\"ILCE-7M4\",\"caption\":\"\",\"created_timestamp\":\"1758275710\",\"copyright\":\"Bildwerk89\",\"focal_length\":\"24\",\"iso\":\"250\",\"shutter_speed\":\"0.000125\",\"title\":\"\",\"orientation\":\"0\",\"keywords\":[\"festung ulm\",\"bundesfestung, nebenwerk\"]},\"meta\":false,\"postlink\":\"https:\/\/www.forte-cultura.network\/2025_ul_festung_oberereselsbergcbildwerk89-12\/\"},{\"id\":4722,\"title\":\"2025_UL_Festung_ObererKuhberg(c)bildwerk89 (12)\",\"url\":\"https:\/\/www.forte-cultura.network\/wp-content\/uploads\/2025\/12\/2025_UL_Festung_ObererKuhbergcbildwerk89-12-scaled.jpg\",\"link\":\"https:\/\/www.forte-cultura.network\/2025_ul_festung_obererkuhbergcbildwerk89-12\/\",\"alt\":\"\",\"description\":\"\",\"caption\":\"\",\"mime\":\"image\/jpeg\",\"type\":\"image\",\"width\":2560,\"height\":1707,\"sizes\":{\"thumbnail\":{\"height\":150,\"width\":150,\"url\":\"https:\/\/www.forte-cultura.network\/wp-content\/uploads\/2025\/12\/2025_UL_Festung_ObererKuhbergcbildwerk89-12-150x150.jpg\",\"orientation\":\"landscape\"},\"medium\":{\"height\":200,\"width\":300,\"url\":\"https:\/\/www.forte-cultura.network\/wp-content\/uploads\/2025\/12\/2025_UL_Festung_ObererKuhbergcbildwerk89-12-300x200.jpg\",\"orientation\":\"landscape\"},\"large\":{\"height\":683,\"width\":1024,\"url\":\"https:\/\/www.forte-cultura.network\/wp-content\/uploads\/2025\/12\/2025_UL_Festung_ObererKuhbergcbildwerk89-12-1024x683.jpg\",\"orientation\":\"landscape\"},\"full\":{\"url\":\"https:\/\/www.forte-cultura.network\/wp-content\/uploads\/2025\/12\/2025_UL_Festung_ObererKuhbergcbildwerk89-12-scaled.jpg\",\"height\":1707,\"width\":2560,\"orientation\":\"landscape\"}},\"imageMeta\":{\"aperture\":\"2.8\",\"credit\":\"Bildwerk89\",\"camera\":\"ILCE-7M4\",\"caption\":\"\",\"created_timestamp\":\"1758285223\",\"copyright\":\"Bildwerk89\",\"focal_length\":\"40.7\",\"iso\":\"1000\",\"shutter_speed\":\"0.005\",\"title\":\"\",\"orientation\":\"0\",\"keywords\":[\"festung ulm\",\"bundesfestung, nebenwerk\"]},\"meta\":false,\"postlink\":\"https:\/\/www.forte-cultura.network\/2025_ul_festung_obererkuhbergcbildwerk89-12\/\"},{\"id\":4719,\"title\":\"2025_UL_Festung_ObererKuhberg(c)bildwerk89 (6)\",\"url\":\"https:\/\/www.forte-cultura.network\/wp-content\/uploads\/2025\/12\/2025_UL_Festung_ObererKuhbergcbildwerk89-6-scaled.jpg\",\"link\":\"https:\/\/www.forte-cultura.network\/2025_ul_festung_obererkuhbergcbildwerk89-6\/\",\"alt\":\"\",\"description\":\"\",\"caption\":\"\",\"mime\":\"image\/jpeg\",\"type\":\"image\",\"width\":2560,\"height\":1707,\"sizes\":{\"thumbnail\":{\"height\":150,\"width\":150,\"url\":\"https:\/\/www.forte-cultura.network\/wp-content\/uploads\/2025\/12\/2025_UL_Festung_ObererKuhbergcbildwerk89-6-150x150.jpg\",\"orientation\":\"landscape\"},\"medium\":{\"height\":200,\"width\":300,\"url\":\"https:\/\/www.forte-cultura.network\/wp-content\/uploads\/2025\/12\/2025_UL_Festung_ObererKuhbergcbildwerk89-6-300x200.jpg\",\"orientation\":\"landscape\"},\"large\":{\"height\":683,\"width\":1024,\"url\":\"https:\/\/www.forte-cultura.network\/wp-content\/uploads\/2025\/12\/2025_UL_Festung_ObererKuhbergcbildwerk89-6-1024x683.jpg\",\"orientation\":\"landscape\"},\"full\":{\"url\":\"https:\/\/www.forte-cultura.network\/wp-content\/uploads\/2025\/12\/2025_UL_Festung_ObererKuhbergcbildwerk89-6-scaled.jpg\",\"height\":1707,\"width\":2560,\"orientation\":\"landscape\"}},\"imageMeta\":{\"aperture\":\"2.8\",\"credit\":\"Bildwerk89\",\"camera\":\"ILCE-7M4\",\"caption\":\"\",\"created_timestamp\":\"1758283925\",\"copyright\":\"Bildwerk89\",\"focal_length\":\"24\",\"iso\":\"1250\",\"shutter_speed\":\"0.005\",\"title\":\"\",\"orientation\":\"0\",\"keywords\":[\"festung ulm\",\"bundesfestung, nebenwerk\"]},\"meta\":false,\"postlink\":\"https:\/\/www.forte-cultura.network\/2025_ul_festung_obererkuhbergcbildwerk89-6\/\"},{\"id\":4717,\"title\":\"2025_UL_Festung_ObererEselsberg(c)bildwerk89 (16)\",\"url\":\"https:\/\/www.forte-cultura.network\/wp-content\/uploads\/2025\/12\/2025_UL_Festung_ObererEselsbergcbildwerk89-16-scaled.jpg\",\"link\":\"https:\/\/www.forte-cultura.network\/2025_ul_festung_oberereselsbergcbildwerk89-16\/\",\"alt\":\"\",\"description\":\"\",\"caption\":\"\",\"mime\":\"image\/jpeg\",\"type\":\"image\",\"width\":2560,\"height\":1707,\"sizes\":{\"thumbnail\":{\"height\":150,\"width\":150,\"url\":\"https:\/\/www.forte-cultura.network\/wp-content\/uploads\/2025\/12\/2025_UL_Festung_ObererEselsbergcbildwerk89-16-150x150.jpg\",\"orientation\":\"landscape\"},\"medium\":{\"height\":200,\"width\":300,\"url\":\"https:\/\/www.forte-cultura.network\/wp-content\/uploads\/2025\/12\/2025_UL_Festung_ObererEselsbergcbildwerk89-16-300x200.jpg\",\"orientation\":\"landscape\"},\"large\":{\"height\":683,\"width\":1024,\"url\":\"https:\/\/www.forte-cultura.network\/wp-content\/uploads\/2025\/12\/2025_UL_Festung_ObererEselsbergcbildwerk89-16-1024x683.jpg\",\"orientation\":\"landscape\"},\"full\":{\"url\":\"https:\/\/www.forte-cultura.network\/wp-content\/uploads\/2025\/12\/2025_UL_Festung_ObererEselsbergcbildwerk89-16-scaled.jpg\",\"height\":1707,\"width\":2560,\"orientation\":\"landscape\"}},\"imageMeta\":{\"aperture\":\"2.8\",\"credit\":\"Bildwerk89\",\"camera\":\"ILCE-7M4\",\"caption\":\"\",\"created_timestamp\":\"1758272499\",\"copyright\":\"Bildwerk89\",\"focal_length\":\"24\",\"iso\":\"1000\",\"shutter_speed\":\"0.00625\",\"title\":\"\",\"orientation\":\"0\",\"keywords\":[\"festung ulm\",\"bundesfestung, nebenwerk\"]},\"meta\":false,\"postlink\":\"https:\/\/www.forte-cultura.network\/2025_ul_festung_oberereselsbergcbildwerk89-16\/\"},{\"id\":4721,\"title\":\"2025_UL_Festung_ObererKuhberg(c)bildwerk89 (7)\",\"url\":\"https:\/\/www.forte-cultura.network\/wp-content\/uploads\/2025\/12\/2025_UL_Festung_ObererKuhbergcbildwerk89-7-scaled.jpg\",\"link\":\"https:\/\/www.forte-cultura.network\/2025_ul_festung_obererkuhbergcbildwerk89-7\/\",\"alt\":\"\",\"description\":\"\",\"caption\":\"\",\"mime\":\"image\/jpeg\",\"type\":\"image\",\"width\":2560,\"height\":1707,\"sizes\":{\"thumbnail\":{\"height\":150,\"width\":150,\"url\":\"https:\/\/www.forte-cultura.network\/wp-content\/uploads\/2025\/12\/2025_UL_Festung_ObererKuhbergcbildwerk89-7-150x150.jpg\",\"orientation\":\"landscape\"},\"medium\":{\"height\":200,\"width\":300,\"url\":\"https:\/\/www.forte-cultura.network\/wp-content\/uploads\/2025\/12\/2025_UL_Festung_ObererKuhbergcbildwerk89-7-300x200.jpg\",\"orientation\":\"landscape\"},\"large\":{\"height\":683,\"width\":1024,\"url\":\"https:\/\/www.forte-cultura.network\/wp-content\/uploads\/2025\/12\/2025_UL_Festung_ObererKuhbergcbildwerk89-7-1024x683.jpg\",\"orientation\":\"landscape\"},\"full\":{\"url\":\"https:\/\/www.forte-cultura.network\/wp-content\/uploads\/2025\/12\/2025_UL_Festung_ObererKuhbergcbildwerk89-7-scaled.jpg\",\"height\":1707,\"width\":2560,\"orientation\":\"landscape\"}},\"imageMeta\":{\"aperture\":\"2.8\",\"credit\":\"Bildwerk89\",\"camera\":\"ILCE-7M4\",\"caption\":\"\",\"created_timestamp\":\"1758284062\",\"copyright\":\"Bildwerk89\",\"focal_length\":\"24\",\"iso\":\"1250\",\"shutter_speed\":\"0.005\",\"title\":\"\",\"orientation\":\"0\",\"keywords\":[\"festung ulm\",\"bundesfestung, nebenwerk\"]},\"meta\":false,\"postlink\":\"https:\/\/www.forte-cultura.network\/2025_ul_festung_obererkuhbergcbildwerk89-7\/\"},{\"id\":4718,\"title\":\"2025_UL_Festung_ObererKuhberg(c)bildewerk89 (20)\",\"url\":\"https:\/\/www.forte-cultura.network\/wp-content\/uploads\/2025\/12\/2025_UL_Festung_ObererKuhbergcbildewerk89-20-scaled.jpg\",\"link\":\"https:\/\/www.forte-cultura.network\/2025_ul_festung_obererkuhbergcbildewerk89-20\/\",\"alt\":\"\",\"description\":\"\",\"caption\":\"\",\"mime\":\"image\/jpeg\",\"type\":\"image\",\"width\":2560,\"height\":1707,\"sizes\":{\"thumbnail\":{\"height\":150,\"width\":150,\"url\":\"https:\/\/www.forte-cultura.network\/wp-content\/uploads\/2025\/12\/2025_UL_Festung_ObererKuhbergcbildewerk89-20-150x150.jpg\",\"orientation\":\"landscape\"},\"medium\":{\"height\":200,\"width\":300,\"url\":\"https:\/\/www.forte-cultura.network\/wp-content\/uploads\/2025\/12\/2025_UL_Festung_ObererKuhbergcbildewerk89-20-300x200.jpg\",\"orientation\":\"landscape\"},\"large\":{\"height\":683,\"width\":1024,\"url\":\"https:\/\/www.forte-cultura.network\/wp-content\/uploads\/2025\/12\/2025_UL_Festung_ObererKuhbergcbildewerk89-20-1024x683.jpg\",\"orientation\":\"landscape\"},\"full\":{\"url\":\"https:\/\/www.forte-cultura.network\/wp-content\/uploads\/2025\/12\/2025_UL_Festung_ObererKuhbergcbildewerk89-20-scaled.jpg\",\"height\":1707,\"width\":2560,\"orientation\":\"landscape\"}},\"imageMeta\":{\"aperture\":\"4\",\"credit\":\"Bildwerk89\",\"camera\":\"ILCE-7M4\",\"caption\":\"\",\"created_timestamp\":\"1758286203\",\"copyright\":\"Bildwerk89\",\"focal_length\":\"17\",\"iso\":\"1250\",\"shutter_speed\":\"0.008\",\"title\":\"\",\"orientation\":\"0\",\"keywords\":[\"festung ulm\",\"bundesfestung, nebenwerk\"]},\"meta\":false,\"postlink\":\"https:\/\/www.forte-cultura.network\/2025_ul_festung_obererkuhbergcbildewerk89-20\/\"},{\"id\":4723,\"title\":\"2025_UL_Festung_ObererKuhberg(c)bildwerk89 (15)\",\"url\":\"https:\/\/www.forte-cultura.network\/wp-content\/uploads\/2025\/12\/2025_UL_Festung_ObererKuhbergcbildwerk89-15-scaled.jpg\",\"link\":\"https:\/\/www.forte-cultura.network\/2025_ul_festung_obererkuhbergcbildwerk89-15\/\",\"alt\":\"\",\"description\":\"\",\"caption\":\"\",\"mime\":\"image\/jpeg\",\"type\":\"image\",\"width\":2560,\"height\":1707,\"sizes\":{\"thumbnail\":{\"height\":150,\"width\":150,\"url\":\"https:\/\/www.forte-cultura.network\/wp-content\/uploads\/2025\/12\/2025_UL_Festung_ObererKuhbergcbildwerk89-15-150x150.jpg\",\"orientation\":\"landscape\"},\"medium\":{\"height\":200,\"width\":300,\"url\":\"https:\/\/www.forte-cultura.network\/wp-content\/uploads\/2025\/12\/2025_UL_Festung_ObererKuhbergcbildwerk89-15-300x200.jpg\",\"orientation\":\"landscape\"},\"large\":{\"height\":683,\"width\":1024,\"url\":\"https:\/\/www.forte-cultura.network\/wp-content\/uploads\/2025\/12\/2025_UL_Festung_ObererKuhbergcbildwerk89-15-1024x683.jpg\",\"orientation\":\"landscape\"},\"full\":{\"url\":\"https:\/\/www.forte-cultura.network\/wp-content\/uploads\/2025\/12\/2025_UL_Festung_ObererKuhbergcbildwerk89-15-scaled.jpg\",\"height\":1707,\"width\":2560,\"orientation\":\"landscape\"}},\"imageMeta\":{\"aperture\":\"2.8\",\"credit\":\"Bildwerk89\",\"camera\":\"ILCE-7M4\",\"caption\":\"\",\"created_timestamp\":\"1758285658\",\"copyright\":\"Bildwerk89\",\"focal_length\":\"24\",\"iso\":\"640\",\"shutter_speed\":\"0.00125\",\"title\":\"\",\"orientation\":\"0\",\"keywords\":[\"festung ulm\",\"bundesfestung, nebenwerk\"]},\"meta\":false,\"postlink\":\"https:\/\/www.forte-cultura.network\/2025_ul_festung_obererkuhbergcbildwerk89-15\/\"},{\"id\":4715,\"title\":\"Ulmer Extras F\u00fchrung - Fort Oberer Kuhberg\",\"url\":\"https:\/\/www.forte-cultura.network\/wp-content\/uploads\/2025\/12\/2019_Ulm_Extrasfuhrung_FortKuhbergcTobiasRocholl-2-scaled.jpg\",\"link\":\"https:\/\/www.forte-cultura.network\/ulmer-extras-fuhrung-fort-oberer-kuhberg\/\",\"alt\":\"\",\"description\":\"\",\"caption\":\"Ulmer Extras F\u00fchrung - Fort Oberer Kuhberg\",\"mime\":\"image\/jpeg\",\"type\":\"image\",\"width\":2560,\"height\":1707,\"sizes\":{\"thumbnail\":{\"height\":150,\"width\":150,\"url\":\"https:\/\/www.forte-cultura.network\/wp-content\/uploads\/2025\/12\/2019_Ulm_Extrasfuhrung_FortKuhbergcTobiasRocholl-2-150x150.jpg\",\"orientation\":\"landscape\"},\"medium\":{\"height\":200,\"width\":300,\"url\":\"https:\/\/www.forte-cultura.network\/wp-content\/uploads\/2025\/12\/2019_Ulm_Extrasfuhrung_FortKuhbergcTobiasRocholl-2-300x200.jpg\",\"orientation\":\"landscape\"},\"large\":{\"height\":683,\"width\":1024,\"url\":\"https:\/\/www.forte-cultura.network\/wp-content\/uploads\/2025\/12\/2019_Ulm_Extrasfuhrung_FortKuhbergcTobiasRocholl-2-1024x683.jpg\",\"orientation\":\"landscape\"},\"full\":{\"url\":\"https:\/\/www.forte-cultura.network\/wp-content\/uploads\/2025\/12\/2019_Ulm_Extrasfuhrung_FortKuhbergcTobiasRocholl-2-scaled.jpg\",\"height\":1707,\"width\":2560,\"orientation\":\"landscape\"}},\"imageMeta\":{\"aperture\":\"4\",\"credit\":\"bildwerk89 - foto \\u0026amp; kreativstudi\",\"camera\":\"ILCE-7RM2\",\"caption\":\"Ulmer Extras F\u00fchrung - Fort Oberer Kuhberg\",\"created_timestamp\":\"1564510966\",\"copyright\":\"bildwerk89 - foto \\u0026amp; kreativstudio\",\"focal_length\":\"19\",\"iso\":\"64\",\"shutter_speed\":\"0.002\",\"title\":\"Ulmer Extras F\u00fchrung - Fort Oberer Kuhberg\",\"orientation\":\"0\",\"keywords\":[\"ulm, fort oberer Kuhberg, bundesfestung, extrasf\u00fchrung, f\u00fchrung, festung, gruppenf\u00fchrung\"]},\"meta\":false,\"postlink\":\"https:\/\/www.forte-cultura.network\/ulmer-extras-fuhrung-fort-oberer-kuhberg\/\"}],\"TrpContentRestriction\":{\"restriction_type\":\"exclude\",\"selected_languages\":[],\"panel_open\":true},\"itemsMetaDataCollection\":[]}<\/script><script>(function(){if(window.PGC_SGB && window.PGC_SGB.searcher){window.PGC_SGB.searcher.initBlocks()}})()<\/script><\/div>\n\n\n<p class=\" eplus-wrapper\"><\/p>\n\n\n\n<div data-wp-interactive=\"core\/file\" class=\" wp-block-file eplus-wrapper\"><object data-wp-bind--hidden=\"!state.hasPdfPreview\" hidden class=\"wp-block-file__embed\" data=\"https:\/\/www.forte-cultura.network\/wp-content\/uploads\/2026\/01\/pdf_fuhrungen_2026.pdf\" type=\"application\/pdf\" style=\"width:100%;height:600px\" aria-label=\"Osadzone z pdf_f\u00fchrungen_2026.\"><\/object><a id=\"wp-block-file--media-0b580e01-8cc3-4d8d-95ca-ebe89e2e003c\" href=\"https:\/\/www.forte-cultura.network\/wp-content\/uploads\/2026\/01\/pdf_fuhrungen_2026.pdf\">pdf_f\u00fchrungen_2026<\/a><a href=\"https:\/\/www.forte-cultura.network\/wp-content\/uploads\/2026\/01\/pdf_fuhrungen_2026.pdf\" class=\"wp-block-file__button wp-element-button\" download aria-describedby=\"wp-block-file--media-0b580e01-8cc3-4d8d-95ca-ebe89e2e003c\">Download<\/a><\/div>\n<\/div>\n<\/div>\n\n\n<p class=\" eplus-wrapper\"><\/p>\n","protected":false},"excerpt":{"rendered":"<p>Twierdza Federalna Ulm jest jednym z najwa\u017cniejszych system\u00f3w fortyfikacyjnych w Europie - jednak wielu odwiedzaj\u0105cych rozumie jej skal\u0119, histori\u0119 i ukryte struktury tylko dzi\u0119ki wycieczce z przewodnikiem. Ulm\/Neu-Ulm Touristik GmbH i F\u00f6rderkreis Bundesfestung Ulm e.V. co roku otwieraj\u0105 drzwi do tego niezwyk\u0142ego XIX-wiecznego zabytku wojskowego, oferuj\u0105c zr\u00f3\u017cnicowany program, od rodzinnych atrakcji po ekskluzywne wizyty w rzadko dost\u0119pnych fortach zewn\u0119trznych.<\/p>","protected":false},"author":3,"featured_media":4715,"comment_status":"open","ping_status":"open","sticky":false,"template":"","format":"standard","meta":{"editor_plus_copied_stylings":"{}","pgc_sgb_lightbox_settings":"","_price":"","_stock":"","_tribe_ticket_header":"","_tribe_default_ticket_provider":"","_tribe_ticket_capacity":"0","_ticket_start_date":"","_ticket_end_date":"","_tribe_ticket_show_description":"","_tribe_ticket_show_not_going":false,"_tribe_ticket_use_global_stock":"","_tribe_ticket_global_stock_level":"","_global_stock_mode":"","_global_stock_cap":"","_tribe_rsvp_for_event":"","_tribe_ticket_going_count":"","_tribe_ticket_not_going_count":"","_tribe_tickets_list":"[]","_tribe_ticket_has_attendee_info_fields":false,"_EventAllDay":false,"_EventTimezone":"","_EventStartDate":"","_EventEndDate":"","_EventStartDateUTC":"","_EventEndDateUTC":"","_EventShowMap":false,"_EventShowMapLink":false,"_EventURL":"","_EventCost":"","_EventCostDescription":"","_EventCurrencySymbol":"","_EventCurrencyCode":"","_EventCurrencyPosition":"","_EventDateTimeSeparator":"","_EventTimeRangeSeparator":"","_EventOrganizerID":[],"_EventVenueID":[],"_OrganizerEmail":"","_OrganizerPhone":"","_OrganizerWebsite":"","_VenueAddress":"","_VenueCity":"","_VenueCountry":"","_VenueProvince":"","_VenueState":"","_VenueZip":"","_VenuePhone":"","_VenueURL":"","_VenueStateProvince":"","_VenueLat":"","_VenueLng":"","_VenueShowMap":false,"_VenueShowMapLink":false,"footnotes":""},"categories":[101,9,99,98,155],"tags":[],"class_list":["post-4040","post","type-post","status-publish","format-standard","has-post-thumbnail","hentry","category-focus","category-from-the-member-stations","category-history","category-tourism-management","category-ulm"],"_links":{"self":[{"href":"https:\/\/www.forte-cultura.network\/pl\/wp-json\/wp\/v2\/posts\/4040","targetHints":{"allow":["GET"]}}],"collection":[{"href":"https:\/\/www.forte-cultura.network\/pl\/wp-json\/wp\/v2\/posts"}],"about":[{"href":"https:\/\/www.forte-cultura.network\/pl\/wp-json\/wp\/v2\/types\/post"}],"author":[{"embeddable":true,"href":"https:\/\/www.forte-cultura.network\/pl\/wp-json\/wp\/v2\/users\/3"}],"replies":[{"embeddable":true,"href":"https:\/\/www.forte-cultura.network\/pl\/wp-json\/wp\/v2\/comments?post=4040"}],"version-history":[{"count":10,"href":"https:\/\/www.forte-cultura.network\/pl\/wp-json\/wp\/v2\/posts\/4040\/revisions"}],"predecessor-version":[{"id":4963,"href":"https:\/\/www.forte-cultura.network\/pl\/wp-json\/wp\/v2\/posts\/4040\/revisions\/4963"}],"wp:featuredmedia":[{"embeddable":true,"href":"https:\/\/www.forte-cultura.network\/pl\/wp-json\/wp\/v2\/media\/4715"}],"wp:attachment":[{"href":"https:\/\/www.forte-cultura.network\/pl\/wp-json\/wp\/v2\/media?parent=4040"}],"wp:term":[{"taxonomy":"category","embeddable":true,"href":"https:\/\/www.forte-cultura.network\/pl\/wp-json\/wp\/v2\/categories?post=4040"},{"taxonomy":"post_tag","embeddable":true,"href":"https:\/\/www.forte-cultura.network\/pl\/wp-json\/wp\/v2\/tags?post=4040"}],"curies":[{"name":"wp","href":"https:\/\/api.w.org\/{rel}","templated":true}]}}