{"id":480,"date":"2021-05-06T10:14:00","date_gmt":"2021-05-06T08:14:00","guid":{"rendered":"https:\/\/www.forte-cultura.network\/?p=480"},"modified":"2025-12-06T19:51:44","modified_gmt":"2025-12-06T18:51:44","slug":"pula-hr-2021-zrownowazona-waloryzacja-ufortyfikowanego-dziedzictwa-kulturowego-najlepsze-praktyki-europejskie","status":"publish","type":"post","link":"https:\/\/www.forte-cultura.network\/pl\/pula-hr-2021-nachhaltige-inwertsetzung-des-befestigten-kulturerbes-europaeische-best-practice\/","title":{"rendered":"Pula (HR) 2021: Zr\u00f3wnowa\u017cona waloryzacja ufortyfikowanego dziedzictwa kulturowego - najlepsze praktyki europejskie"},"content":{"rendered":"<div class=\"wp-block-columns alignwide eplus-wrapper is-layout-flex wp-container-core-columns-is-layout-28f84493 wp-block-columns-is-layout-flex eplus-styles-uid-768a71\">\n<div class=\"wp-block-column eplus-wrapper is-layout-flow wp-block-column-is-layout-flow\">\n<h2 class=\"wp-block-heading eplus-wrapper\" style=\"font-size:clamp(0.984rem, 0.984rem + ((1vw - 0.2rem) * 0.86), 1.5rem);\"><strong>Konferencja ewaluacyjna online po\u015bwi\u0119cona najlepszym praktykom europejskim<\/strong><\/h2>\n\n\n\n<p style=\"font-size:clamp(0.875rem, 0.875rem + ((1vw - 0.2rem) * 0.625), 1.25rem);\" class=\"eplus-wrapper\"><strong>6. Mai 2021, Pula (HR)<\/strong>,<strong> organizowane przez FORTE CULTURA i Juraj Dobrila Universit\u00e4t w Puli (HR)<\/strong><\/p>\n\n\n\n<p class=\"eplus-wrapper\">Wsp\u00f3lny komitet naukowy FORTE CULTURA \/ EFFORTS zorganizowa\u0142 konferencj\u0119 ewaluacyjn\u0105 na temat ZR\u00d3WNOWA\u017bONEJ WALORYZACJI DZIEDZICTWA FORTECZNEGO pod patronatem Uniwersytetu Juraja Dobrila w Puli (HR). Konferencja online ma na celu wspieranie dziedzictwa kulturowego zabytk\u00f3w fortecznych poprzez wymian\u0119 i dyskusj\u0119 na temat najlepszych praktyk w r\u00f3\u017cnych tematach w ca\u0142ej Europie. Celem jest rozw\u00f3j mi\u0119dzynarodowej i multidyscyplinarnej sieci naukowo-badawczej oraz wymiana informacji i do\u015bwiadcze\u0144 zwi\u0105zanych z EUROPEJSKIMI NAJLEPSZYMI PRAKTYKAMI w dziedzinie zarz\u0105dzania i rozwoju zabytk\u00f3w fortyfikacyjnych.<\/p>\n\n\n\n<p class=\"eplus-wrapper\">The <a href=\"https:\/\/www.forte-cultura.eu\/images\/Netzwerk\/events\/WS-Pula21\/Program-Workshop%20European%20Fortfified%20Heritage_20210422.pdf\">program konferencji<\/a> koncentruje si\u0119 na pi\u0119ciu kluczowych obszarach:<\/p>\n\n\n<ul class=\"wp-block-list eplus-wrapper eplus-styles-uid-d08eb9\"><li class=\"eplus-wrapper eplus-styles-uid-1ceed8\">System fortyfikacji w Puli jako przyk\u0142ad proces\u00f3w rozwojowych wymaganych dla du\u017cego kompleksu fortyfikacji<\/li>\n\n<li class=\"eplus-wrapper eplus-styles-uid-1ceed8\">Inwentaryzacja i badania budynk\u00f3w<\/li>\n\n<li class=\"eplus-wrapper eplus-styles-uid-1ceed8\">Renowacja i ochrona zabytk\u00f3w, konwersja i zr\u00f3wnowa\u017cone u\u017cytkowanie<\/li>\n\n<li class=\"eplus-wrapper eplus-styles-uid-1ceed8\">Rozw\u00f3j miejski i regionalny<\/li>\n\n<li class=\"eplus-wrapper eplus-styles-uid-1ceed8\">Rozw\u00f3j i wdra\u017canie turystyki<\/li>\n\n\n<li>Przygotowanie ewentualnych nominacji do \u015awiatowego Dziedzictwa<\/li>\n<\/ul>\n\n\n<p class=\"eplus-wrapper\">Konferencja by\u0142a nagrywana online. Wideo ze wszystkimi wypowiedziami mo\u017cna znale\u017a\u0107 na naszej stronie internetowej <a href=\"https:\/\/youtube.com\/playlist?list=PLwBnmgfjkYGQi0lJUqGhJNx9Y7Ua4YlVd\"><strong>Kana\u0142 YouTube<\/strong><\/a>.<\/p>\n\n\n\n<figure class=\"wp-embed-aspect-16-9 wp-has-aspect-ratio wp-block-embed alignwide is-type-video is-provider-youtube wp-block-embed-youtube eplus-wrapper\"><div class=\"wp-block-embed__wrapper\">\n<iframe loading=\"lazy\" title=\"Konferencja: ZR\u00d3WNOWA\u017bONA WALORYZACJA DZIEDZICTWA FORTYFIKACYJNEGO\" width=\"500\" height=\"281\" src=\"https:\/\/www.youtube.com\/embed\/h3QnkUHbetg?feature=oembed\" frameborder=\"0\" allow=\"accelerometer; autoplay; clipboard-write; encrypted-media; gyroscope; picture-in-picture; web-share\" referrerpolicy=\"strict-origin-when-cross-origin\" allowfullscreen><\/iframe>\n<\/div><\/figure>\n\n\n\n<p class=\"eplus-wrapper\"><\/p>\n\n\n\n<p class=\"eplus-wrapper\">Podsumowanie <a href=\"https:\/\/www.forte-cultura.eu\/images\/Netzwerk\/events\/WS-Pula21\/Report%20Pula%20Conference_European%20Fortified%20Heritage_May6%202021_edit.pdf\"><strong>raport (PL)<\/strong><\/a> zawiera wszystkie informacje o prelegentach i streszczenia wyst\u0105pie\u0144, w tym powitalne uwagi na pocz\u0105tku wydarzenia.<\/p>\n<\/div>\n<\/div>\n\n<div class=\"wp-block-columns alignwide eplus-wrapper is-layout-flex wp-container-core-columns-is-layout-28f84493 wp-block-columns-is-layout-flex eplus-styles-uid-3eba21\">\n<div class=\"wp-block-column eplus-wrapper is-layout-flow wp-block-column-is-layout-flow\">\n<p class=\"eplus-wrapper\"><\/p>\n\n\n\n<h3 class=\"wp-block-heading eplus-wrapper\" style=\"margin-top:var(--wp--preset--spacing--30)\">Lista prezentacji (EN):<\/h3>\n\n\n<ol class=\"wp-block-list eplus-wrapper eplus-styles-uid-a04755\"><li style=\"line-height:1.4\" class=\"eplus-wrapper eplus-styles-uid-2174bc\"><strong>Modele zr\u00f3wnowa\u017conej waloryzacji dziedzictwa fortyfikacyjnego<\/strong>: Kristina Afri\u0107 Rakitovac \/ Nata\u0161a Uro\u0161evi\u0107 (Juraj Dobrila University of Pula, HR)<\/li>\n\n<li style=\"line-height:1.4\" class=\"eplus-wrapper eplus-styles-uid-2174bc\"><strong><a href=\"https:\/\/www.forte-cultura.eu\/images\/Netzwerk\/events\/WS-Pula21\/pres\/VISIBLE%20FUTURE%20Fortress%20Pula.pdf\" target=\"_blank\" rel=\"noreferrer noopener\">Widoczna przysz\u0142o\u015b\u0107 \"Twierdzy Pula<\/a><\/strong>: Sun\u010dica Musta\u010d \/ Katarina Mari\u0107 (Muzeum Historyczne i Morskie Istrii)<\/li>\n\n<li style=\"line-height:1.4\" class=\"eplus-wrapper eplus-styles-uid-2174bc\"><strong><a href=\"https:\/\/www.forte-cultura.eu\/images\/Netzwerk\/events\/WS-Pula21\/pres\/Pula%20Underground.pdf\" target=\"_blank\" rel=\"noreferrer noopener\">\"Proces Pula Underground\" 2001-2021<\/a><\/strong>: Breda Bizjak (DAI - Stowarzyszenie Architekt\u00f3w Istrii)<\/li>\n\n<li style=\"line-height:1.4\" class=\"eplus-wrapper eplus-styles-uid-2174bc\"><strong><a href=\"https:\/\/www.forte-cultura.eu\/images\/Netzwerk\/events\/WS-Pula21\/pres\/Fort%20Verudela_Milena%20Micic.pdf\" target=\"_blank\" rel=\"noreferrer noopener\">Fort Verudela - do\u015bwiadczenia w odbudowie i rewitalizacji na potrzeby akwarium<\/a><\/strong>: Milena Mi\u010di\u0107 (Aquarium Pula)<\/li>\n\n<li style=\"line-height:1.4\" class=\"eplus-wrapper eplus-styles-uid-2174bc\"><strong>Architektura fortyfikacyjna w Parku Narodowym Brijuni<\/strong>: Sne\u017eana Smoli\u0107 (NP Brijuni)<\/li>\n\n<li style=\"line-height:1.4\" class=\"eplus-wrapper eplus-styles-uid-2174bc\"><strong><a href=\"https:\/\/youtu.be\/-4nyk1pjGqg\" target=\"_blank\" rel=\"noreferrer noopener\">Prowincja Trydent: Katalog austro-w\u0119gierskich fortyfikacji i kandydatura fortu Cadine do Znaku Dziedzictwa Europejskiego (wideo)<\/a><\/strong>: Fiorenzo Meneghelli (Istituto Italiano dei Castelli, sezione Veneto, IT); Giuseppe Ferrandi (Fondazione Museo Storico del Trentino)<\/li>\n\n<li style=\"line-height:1.4\" class=\"eplus-wrapper eplus-styles-uid-2174bc\"><strong><a href=\"https:\/\/www.forte-cultura.eu\/images\/Netzwerk\/events\/WS-Pula21\/pres\/TKSi%20-%20Sibenik.pdf\" target=\"_blank\" rel=\"noreferrer noopener\">\u0160ibenik jako chorwacka i europejska najlepsza praktyka w zarz\u0105dzaniu dziedzictwem fortyfikacyjnym<\/a><\/strong>: Josip Pavi\u0107 (Twierdza Kultury \u0160ibenik, HR)<\/li>\n\n<li style=\"line-height:1.4\" class=\"eplus-wrapper eplus-styles-uid-2174bc\"><strong><a href=\"https:\/\/www.forte-cultura.eu\/images\/Netzwerk\/events\/WS-Pula21\/pres\/Krakow-materials.pdf\" target=\"_blank\" rel=\"noreferrer noopener\">Rehabilitacja Twierdzy Krak\u00f3w i Twierdzy Przemy\u015bl na przyk\u0142adzie innych twierdz w Polsce jako przyk\u0142ad synergii w rehabilitacji fortyfikacji<\/a><\/strong>: Krzysztof Wielgus \/ Anna Staniewska (Instytut Architektury Krajobrazu Politechniki Krakowskiej, PL)<\/li>\n\n<li style=\"line-height:1.4\" class=\"eplus-wrapper eplus-styles-uid-2174bc\"><strong><a href=\"https:\/\/www.forte-cultura.eu\/images\/Netzwerk\/events\/WS-Pula21\/pres\/FORTE%20CULTURA.pdf\" target=\"_blank\" rel=\"noreferrer noopener\">FORTE CULTURA - Szlak Kulturowy Zabytk\u00f3w Fortecznych; Zr\u00f3wnowa\u017cona turystyka forteczna jako klucz do wykorzystania i efekt\u00f3w ekonomicznych<\/a><\/strong>: Dirk R\u00f6der (FORTE CULTURA ass. - Sie\u0107 Szlaku Kulturowego Zabytk\u00f3w Fortecznych, DE)<\/li>\n\n<li style=\"line-height:1.4\" class=\"eplus-wrapper eplus-styles-uid-2174bc\"><strong>Ufortyfikowane dziedzictwo Kotoru\/Czarnog\u00f3ry. Proces przygotowania mi\u0119dzynarodowych nominacji do \u015awiatowego Dziedzictwa<\/strong>: Ilija Lalo\u0161evi\u0107 (Uniwersytet Czarnog\u00f3rski, Wydzia\u0142 Architektury); Milica Nikoli\u0107 (Czarnog\u00f3rska Komisja Narodowa ds. UNESCO)<\/li><\/ol>\n\n\n<p class=\"eplus-wrapper\"><\/p>\n<\/div>\n<\/div>\n\n\n<div class=\"wp-block-kadence-spacer alignwide kt-block-spacer-480_0e947b-e8\"><div class=\"kt-block-spacer kt-block-spacer-halign-center\"><\/div><\/div>","protected":false},"excerpt":{"rendered":"<p>Online evaluation conference on European best practice 6. Mai 2021, Pula (HR), hosted by FORTE CULTURA and Juraj Dobrila Universit\u00e4t in Pula (HR) The joint scientific committee FORTE CULTURA \/ [&hellip;]<\/p>\n","protected":false},"author":1,"featured_media":481,"comment_status":"open","ping_status":"open","sticky":false,"template":"","format":"standard","meta":{"editor_plus_copied_stylings":"{}","pgc_sgb_lightbox_settings":"","_price":"","_stock":"","_tribe_ticket_header":"","_tribe_default_ticket_provider":"","_tribe_ticket_capacity":"0","_ticket_start_date":"","_ticket_end_date":"","_tribe_ticket_show_description":"","_tribe_ticket_show_not_going":false,"_tribe_ticket_use_global_stock":"","_tribe_ticket_global_stock_level":"","_global_stock_mode":"","_global_stock_cap":"","_tribe_rsvp_for_event":"","_tribe_ticket_going_count":"","_tribe_ticket_not_going_count":"","_tribe_tickets_list":"[]","_tribe_ticket_has_attendee_info_fields":false,"_EventAllDay":false,"_EventTimezone":"","_EventStartDate":"","_EventEndDate":"","_EventStartDateUTC":"","_EventEndDateUTC":"","_EventShowMap":false,"_EventShowMapLink":false,"_EventURL":"","_EventCost":"","_EventCostDescription":"","_EventCurrencySymbol":"","_EventCurrencyCode":"","_EventCurrencyPosition":"","_EventDateTimeSeparator":"","_EventTimeRangeSeparator":"","_EventOrganizerID":[],"_EventVenueID":[],"_OrganizerEmail":"","_OrganizerPhone":"","_OrganizerWebsite":"","_VenueAddress":"","_VenueCity":"","_VenueCountry":"","_VenueProvince":"","_VenueState":"","_VenueZip":"","_VenuePhone":"","_VenueURL":"","_VenueStateProvince":"","_VenueLat":"","_VenueLng":"","_VenueShowMap":false,"_VenueShowMapLink":false,"footnotes":""},"categories":[124,17,25,10,30,34],"tags":[],"class_list":["post-480","post","type-post","status-publish","format-standard","has-post-thumbnail","hentry","category-124","category-conference_articles","category-previous-fortress-conferences","category-stations","category-network-meetings","category-pula"],"_links":{"self":[{"href":"https:\/\/www.forte-cultura.network\/pl\/wp-json\/wp\/v2\/posts\/480","targetHints":{"allow":["GET"]}}],"collection":[{"href":"https:\/\/www.forte-cultura.network\/pl\/wp-json\/wp\/v2\/posts"}],"about":[{"href":"https:\/\/www.forte-cultura.network\/pl\/wp-json\/wp\/v2\/types\/post"}],"author":[{"embeddable":true,"href":"https:\/\/www.forte-cultura.network\/pl\/wp-json\/wp\/v2\/users\/1"}],"replies":[{"embeddable":true,"href":"https:\/\/www.forte-cultura.network\/pl\/wp-json\/wp\/v2\/comments?post=480"}],"version-history":[{"count":1,"href":"https:\/\/www.forte-cultura.network\/pl\/wp-json\/wp\/v2\/posts\/480\/revisions"}],"predecessor-version":[{"id":4116,"href":"https:\/\/www.forte-cultura.network\/pl\/wp-json\/wp\/v2\/posts\/480\/revisions\/4116"}],"wp:featuredmedia":[{"embeddable":true,"href":"https:\/\/www.forte-cultura.network\/pl\/wp-json\/wp\/v2\/media\/481"}],"wp:attachment":[{"href":"https:\/\/www.forte-cultura.network\/pl\/wp-json\/wp\/v2\/media?parent=480"}],"wp:term":[{"taxonomy":"category","embeddable":true,"href":"https:\/\/www.forte-cultura.network\/pl\/wp-json\/wp\/v2\/categories?post=480"},{"taxonomy":"post_tag","embeddable":true,"href":"https:\/\/www.forte-cultura.network\/pl\/wp-json\/wp\/v2\/tags?post=480"}],"curies":[{"name":"wp","href":"https:\/\/api.w.org\/{rel}","templated":true}]}}