{"id":487,"date":"2023-04-01T10:33:00","date_gmt":"2023-04-01T08:33:00","guid":{"rendered":"https:\/\/www.forte-cultura.network\/?p=487"},"modified":"2025-04-19T10:26:58","modified_gmt":"2025-04-19T08:26:58","slug":"sibenik-knin-hr-2023-doroczny-kongres-forte-cultura","status":"publish","type":"post","link":"https:\/\/www.forte-cultura.network\/pl\/sibenik-knin-hr-2023-forte-cultura-jahreskongress\/","title":{"rendered":"\u0160ibenik-Knin (HR) 2023: FORTE CULTURA Jahreskongress"},"content":{"rendered":"<div class=\"wp-block-columns alignwide eplus-wrapper is-layout-flex wp-container-core-columns-is-layout-28f84493 wp-block-columns-is-layout-flex eplus-styles-uid-83c701\">\n<div class=\"wp-block-column eplus-wrapper is-layout-flow wp-block-column-is-layout-flow\">\n<h2 class=\"wp-block-heading eplus-wrapper\" style=\"font-size:clamp(0.984rem, 0.984rem + ((1vw - 0.2rem) * 0.86), 1.5rem);\"><strong>Wsp\u00f3\u0142praca w dziedzinie ufortyfikowanego dziedzictwa kulturowego w regionie Adriatyku;<\/strong><br><strong>Zr\u00f3wnowa\u017cona turystyka forteczna i integracja z FORTE CULTURA<\/strong>;<br><strong>Rozpocz\u0119cie europejskiej twierdzy latem 2023 r.<\/strong><\/h2>\n\n\n\n<p class=\"eplus-wrapper\"><strong>29-31 marca 2023 r., \u0160ibenik (HR)<\/strong><\/p>\n\n\n\n<p class=\"eplus-wrapper\">Zabytkowe twierdze stanowi\u0105 niezwyk\u0142e t\u0142o architektoniczne dla imponuj\u0105cego \u015bwiata wra\u017ce\u0144: festiwali, kultury, sztuki, sportu, wypoczynku, rekreacji, edukacji, gier i zabawy. Ka\u017cdego roku wiele tysi\u0119cy odwiedzaj\u0105cych odkrywa i cieszy si\u0119 t\u0119tni\u0105cym \u017cyciem kulturalnym i atrakcyjnymi wydarzeniami w twierdzach w ca\u0142ej Europie. Europejski Szlak Kulturowy Twierdz - FORTE CULTURA zabierze Ci\u0119 w ten fascynuj\u0105cy \u015bwiat historycznych fortyfikacji. Oko\u0142o 50 przystank\u00f3w na szlaku kulturowym w 10 krajach europejskich oferuje niezwyk\u0142e do\u015bwiadczenia dla turyst\u00f3w kulturowych.<\/p>\n\n\n\n<h4 class=\"wp-block-heading eplus-wrapper\">Szlaki forteczne na Morzu Adriatyckim<\/h4>\n\n\n\n<p class=\"eplus-wrapper\">Kongres ma na celu opracowanie zr\u00f3wnowa\u017conych tras turystycznych do dziedzictwa kulturowego zabytk\u00f3w warownych w regionie Adriatyku dla r\u00f3\u017cnych grup docelowych, np. dla m\u0142odych Europejczyk\u00f3w, os\u00f3b niepe\u0142nosprawnych lub z my\u015bl\u0105 o podr\u00f3\u017cach przyjaznych dla klimatu. Podczas warsztat\u00f3w na kongresie <strong>Twierdza Knin<\/strong> Celem jest wypracowanie sposob\u00f3w wdra\u017cania zr\u00f3wnowa\u017conej turystyki i integracji. Warsztaty s\u0105 cz\u0119\u015bci\u0105 inicjatywy \u201cEFFFORTS Goes Green\u201d.<\/p>\n\n\n\n<p class=\"eplus-wrapper\">Oko\u0142o 60 cz\u0142onk\u00f3w i go\u015bci z 13 kraj\u00f3w wzi\u0119\u0142o udzia\u0142 w dorocznym kongresie FORTE CULTURA 2023 w Szybeniku.<\/p>\n\n\n\n<p class=\"eplus-wrapper\">W programie znalaz\u0142y si\u0119 ekscytuj\u0105ce wyst\u0105pienia na temat zr\u00f3wnowa\u017conej turystyki, integracji i waloryzacji turystycznej twierdz w regionie \u0160ibenik-Knin i Czarnog\u00f3rze. Transgraniczne klastry twierdz, np. G\u00f3rny Ren i Czechy, zaprezentowa\u0142y si\u0119 jako najlepsze praktyki europejskie. Pani Remeshylo-Rybchynska ze Lwowa przedstawi\u0142a r\u00f3wnie\u017c informacje na temat sytuacji dziedzictwa kulturowego twierdz w Ukrainie oraz tego, w jaki spos\u00f3b podejmowane s\u0105 pr\u00f3by ich ochrony przed zniszczeniami wojennymi.<\/p>\n\n\n\n<p class=\"eplus-wrapper\">Zwiedzanie \u0160ibenika, wycieczka z warsztatami w Twierdzy Knin, doroczne walne zgromadzenie FORTE CULTURA i otwarcie Europejskiego Lata Twierdz 2023 dope\u0142ni\u0142y wydarzenie. Chcieliby\u015bmy podzi\u0119kowa\u0107 <em><strong>Twierdza kultury w Szybeniku<\/strong><\/em> za go\u015bcinno\u015b\u0107 i ogromne wsparcie w organizacji i prowadzeniu corocznego wydarzenia FORTE CULTURA 2023. Konferencja by\u0142a wsp\u00f3\u0142finansowana przez chorwackie Ministerstwo Kultury i Medi\u00f3w.<\/p>\n\n\n\n<p class=\"eplus-wrapper\"><a href=\"https:\/\/www.forte-cultura.network\/wp-content\/uploads\/Conferences\/2023%20Sibenik\/FORTE%20CULTURA%20Annual%20Congress%202023%20Sibenik_program_20230325.pdf\" target=\"_blank\" rel=\"noreferrer noopener\">Program konferencji<\/a> (PL)<\/p>\n\n\n\n<p class=\"eplus-wrapper\"><\/p>\n<\/div>\n<\/div>\n\n\n<div class=\"wp-block-media-text alignwide is-stacked-on-mobile is-vertically-aligned-center eplus-wrapper\" style=\"grid-template-columns:34% auto\"><figure class=\"wp-block-media-text__media\"><img loading=\"lazy\" decoding=\"async\" width=\"1024\" height=\"670\" src=\"https:\/\/www.forte-cultura.network\/wp-content\/uploads\/2023\/12\/2023_EFS_Launch-Sibenik-1024x670.jpg\" alt=\"\" class=\"wp-image-468 size-full\" srcset=\"https:\/\/www.forte-cultura.network\/wp-content\/uploads\/2023\/12\/2023_EFS_Launch-Sibenik-1024x670.jpg 1024w, https:\/\/www.forte-cultura.network\/wp-content\/uploads\/2023\/12\/2023_EFS_Launch-Sibenik-300x196.jpg 300w, https:\/\/www.forte-cultura.network\/wp-content\/uploads\/2023\/12\/2023_EFS_Launch-Sibenik-768x503.jpg 768w, https:\/\/www.forte-cultura.network\/wp-content\/uploads\/2023\/12\/2023_EFS_Launch-Sibenik-18x12.jpg 18w, https:\/\/www.forte-cultura.network\/wp-content\/uploads\/2023\/12\/2023_EFS_Launch-Sibenik-870x570.jpg 870w, https:\/\/www.forte-cultura.network\/wp-content\/uploads\/2023\/12\/2023_EFS_Launch-Sibenik.jpg 1288w\" sizes=\"auto, (max-width: 1024px) 100vw, 1024px\" \/><\/figure><div class=\"wp-block-media-text__content\">\n<h4 class=\"wp-block-heading eplus-wrapper\"><strong>Europejska Twierdza Lato 2023 zostaje otwarta<\/strong><\/h4>\n\n\n\n<p class=\"eplus-wrapper\">30 marca uczestnicy Dorocznego Kongresu FORTE CULTURA 2023 otworzyli Europejskie Lato Twierdz 2023 w Twierdzy \u015awi\u0119tego Micha\u0142a w Szybeniku (HR). Podczas wydarzenia go\u015bcie utworzyli litery \u201cEFS\u201d na zdj\u0119ciu lotniczym. Ponadto zorganizowano specjaln\u0105 wycieczk\u0119 z przewodnikiem po Twierdzy \u015awi\u0119tego Micha\u0142a, a na murach twierdzy wy\u015bwietlono pokaz wideo z mapowaniem 3D.<\/p>\n\n\n\n<p class=\"eplus-wrapper\">Europejskie Lato Twierdz 2023 zako\u0144czy si\u0119 5 pa\u017adziernika podczas dorocznego kongresu EFFORTS w Maastricht (Holandia), gdzie zostanie r\u00f3wnie\u017c wr\u0119czona nagroda EFFORTS za najlepsze wydarzenie forteczne lata.<\/p>\n<\/div><\/div>\n\n\n<div class=\"wp-block-columns alignwide eplus-wrapper is-layout-flex wp-container-core-columns-is-layout-28f84493 wp-block-columns-is-layout-flex eplus-styles-uid-aba007\">\n<div class=\"wp-block-column eplus-wrapper is-layout-flow wp-block-column-is-layout-flow\">\n<p class=\"eplus-wrapper\"><\/p>\n\n\n\n<h3 class=\"wp-block-heading eplus-wrapper\">Lista prezentacji (EN):<\/h3>\n\n\n\n<h5 class=\"wp-block-heading eplus-wrapper\">DZIEDZICTWO KULTUROWE ZABYTK\u00d3W WAROWNYCH BOGACTWO REGIONU \u0160IBENIK-KNIN<\/h5>\n\n\n<ol class=\"wp-block-list eplus-wrapper eplus-styles-uid-f38df3\">\n<li class=\"eplus-wrapper\"><strong><a href=\"https:\/\/www.forte-cultura.network\/wp-content\/uploads\/Conferences\/2023%20Sibenik\/02%20FORTRESS%20OF%20CULTURE%20%C5%A0IBENIK.pdf\" target=\"_blank\" rel=\"noreferrer noopener\">Twierdza Kultury \u0160ibenik - najlepsze europejskie praktyki w zakresie zr\u00f3wnowa\u017conego rozwoju zabytkowych fortyfikacji<\/a><\/strong>Gorana Bari\u0161i\u0107 Ba\u010deli\u0107, Twierdza Kultury \u0160ibenik (HR)<\/li>\n\n\n\n<li class=\"eplus-wrapper\"><strong><a href=\"https:\/\/www.forte-cultura.network\/wp-content\/uploads\/Conferences\/2023%20Sibenik\/03%20St%20Nicholas%20Fortress%20-%20a%20UNESCO%20site_A.pdf\" target=\"_blank\" rel=\"noreferrer noopener\">Twierdza \u015awi\u0119tego Miko\u0142aja - wpisana na list\u0119 UNESCO<\/a><\/strong>Pan sc. Anita Baba\u010di\u0107 Ajduk, mag.biol., dyrektor instytucji publicznej Natura \u0160ibenik - Knin County<\/li>\n\n\n\n<li class=\"eplus-wrapper\"><strong><a href=\"https:\/\/www.forte-cultura.network\/wp-content\/uploads\/Conferences\/2023%20Sibenik\/04%20Fortified%20heritage%20by%20the%20Krka%20River%20ENG.pdf\" target=\"_blank\" rel=\"noreferrer noopener\">Dziedzictwo \u015bredniowiecznych fortyfikacji w Parku Narodowym Krka<\/a><\/strong>Pani Nella Slavica, dipl. Oecc - dyrektor instytucji publicznej Park Narodowy Krka<\/li>\n\n\n\n<li class=\"eplus-wrapper\"><strong><a href=\"https:\/\/www.forte-cultura.network\/wp-content\/uploads\/Conferences\/2023%20Sibenik\/05%20Cultural%20heritage%20in%20%C5%A0ibenik-Knin%20County%20fin.pdf\" target=\"_blank\" rel=\"noreferrer noopener\">Dziedzictwo kulturowe w okr\u0119gu \u0160ibenik-Knin - bogate w r\u00f3\u017cnorodno\u015b\u0107 i potencja\u0142 rozwoju turystyki<\/a><\/strong>Kre\u0161imir \u0160aki\u0107, \u0160ibenik- Knin County Tourism Board (HR)<\/li>\n<\/ol>\n\n\n<h5 class=\"wp-block-heading eplus-wrapper\">ROZW\u00d3J TURYSTYKI POPRZEZ WSP\u00d3\u0141PRAC\u0118 I TWORZENIE SIECI:<br>SZLAKI KULTUROWE DLA TURYSTYKI KULTUROWEJ<\/h5>\n\n\n<ol class=\"wp-block-list eplus-wrapper eplus-styles-uid-d79b8a\">\n<li class=\"eplus-wrapper\"><strong><a href=\"https:\/\/www.forte-cultura.network\/wp-content\/uploads\/Conferences\/2023%20Sibenik\/06%20CR_%C5%A0ibenik_Keca_30032023.pdf\" target=\"_blank\" rel=\"noreferrer noopener\">Europejskie Szlaki Kulturowe w Chorwacji - korzy\u015bci dla wsp\u00f3\u0142pracy ponadnarodowej<\/a><\/strong>Mrs.sc. Ksenija Ke\u010da, Mi\u0119dzynarodowy Uniwersytet Libertas<\/li>\n\n\n\n<li class=\"eplus-wrapper\"><strong><a href=\"https:\/\/www.forte-cultura.network\/wp-content\/uploads\/Conferences\/2023%20Sibenik\/07%20FORTE%20CULTURA_Sibenik_20230327.pdf\" target=\"_blank\" rel=\"noreferrer noopener\">FORTE CULTURA Europejski Szlak Kulturowy Zabytk\u00f3w Fortecznych - Rozw\u00f3j zr\u00f3wnowa\u017conej turystyki fortecznej; Narz\u0119dzia i metody dla stacji FORTE CULTURA<\/a><\/strong>Dirk R\u00f6der, FORTE CULTURA (DE)<\/li>\n\n\n\n<li class=\"eplus-wrapper\"><strong><a href=\"https:\/\/www.forte-cultura.network\/wp-content\/uploads\/Conferences\/2023%20Sibenik\/08%20%C5%A0ibenik%20Hofman%20J.pdf\" target=\"_blank\" rel=\"noreferrer noopener\">Klastry Twierdz \u0141aba (CZ-DE) i Czeskie Twierdze (CZ) - Transgraniczna wsp\u00f3\u0142praca twierdz wzd\u0142u\u017c rzeki \u0141aby; Rozw\u00f3j klastra FORTE CULTURA Czeskie Twierdze (Praga, Terez\u00edn, Josefov, Hradec Kralove, Cheb)<\/a><\/strong>Jiri Hofman, Ufortyfikowane Idealne Miasto Terezin i Twierdza Wyszehrad w Pradze (CZ)<\/li>\n\n\n\n<li class=\"eplus-wrapper\"><strong><a href=\"https:\/\/www.forte-cultura.network\/wp-content\/uploads\/Conferences\/2023%20Sibenik\/09%20FORTE%20CULTURA-Upper%20Rhine_Sibenik_20230329.pdf\" target=\"_blank\" rel=\"noreferrer noopener\">Klaster Twierdz G\u00f3rnego Renu (DE-FR) - najlepsze europejskie praktyki wsp\u00f3\u0142pracy transgranicznej w zakresie zabytk\u00f3w i muze\u00f3w fortyfikacyjnych; Miasto Twierdza Germersheim bez barier<\/a><\/strong>Pani Frauke Vos-Firnkes, Muzeum Miasta i Twierdzy Germersheim (DE)<\/li>\n<\/ol>\n\n\n<h5 class=\"wp-block-heading eplus-wrapper\">WSP\u00d3\u0141PRACA NA RZECZ SUKCESU<br>WSP\u00d3\u0141PRACA FORTECZNA W REGIONIE MORZA ADRIATYCKIEGO<\/h5>\n\n\n<ol class=\"wp-block-list eplus-wrapper eplus-styles-uid-c6abc4\">\n<li class=\"eplus-wrapper\"><strong><a href=\"https:\/\/www.forte-cultura.network\/wp-content\/uploads\/Conferences\/2023%20Sibenik\/10%20FORTITUDE%20ppt_30_3_2023.pdf\" target=\"_blank\" rel=\"noreferrer noopener\">Inicjatywa FORTITUDE i Noc Twierdz - udany projekt transgraniczny Chorwacja - Bo\u015bnia i Hercegowina - Czarnog\u00f3ra<\/a><\/strong>Pani Kata \u017dganjer, Twierdza Kultury \u0160ibenik (HR)<\/li>\n\n\n\n<li class=\"eplus-wrapper\"><strong><a href=\"https:\/\/www.forte-cultura.network\/wp-content\/uploads\/Conferences\/2023%20Sibenik\/11%20Lalosevic_utvrdjenja%20B.Kotorske%20Sibenik%202023.pdf\" target=\"_blank\" rel=\"noreferrer noopener\">Ufortyfikowane dziedzictwo Zatoki Kotorskiej (Czarnog\u00f3ra) - dotychczasowy rozw\u00f3j i kolejne kroki<\/a><\/strong>Ilija Lalosevic, prof. Uniwersytetu w Czarnog\u00f3rze, Wydzia\u0142 Architektury (ME)<\/li>\n\n\n\n<li class=\"eplus-wrapper\"><strong><a href=\"https:\/\/www.forte-cultura.network\/wp-content\/uploads\/Conferences\/2023%20Sibenik\/12%20MAMULA%20PP%20presenation%20final.pdf\" target=\"_blank\" rel=\"noreferrer noopener\">Fort Mamula w Czarnog\u00f3rze - najlepsze praktyki w zakresie zr\u00f3wnowa\u017conych prac renowacyjnych i budowlanych<\/a><\/strong>Katarina Nikolic Krasan, Projector Ltd - konserwacja, architektura, doradztwo (ME)<\/li>\n\n\n\n<li class=\"eplus-wrapper\"><strong><a href=\"https:\/\/www.forte-cultura.network\/wp-content\/uploads\/Conferences\/2023%20Sibenik\/13%20RECOLOR%20-%20%20Fortress%20tourism%20and%20guide%20congress%2030.3.2023..pdf\" target=\"_blank\" rel=\"noreferrer noopener\">RECOLOR - Reviving and EnhanCing artwOrks and Land-scapes of the adRiatic - wsp\u00f3\u0142praca transgraniczna Interreg W\u0142ochy-Chorwacja<\/a><\/strong>Pani Jelena \u017daja, mag.oec., pred., Uniwersytet Nauk Stosowanych w \u0160ibeniku<\/li>\n\n\n\n<li class=\"eplus-wrapper\">Ceremonia dla nowych cz\u0142onk\u00f3w FORTE CULTURA: <strong><a href=\"https:\/\/www.forte-cultura.network\/wp-content\/uploads\/Conferences\/2023%20Sibenik\/13.1%20Rasnov_1.pdf\" target=\"_blank\" rel=\"noreferrer noopener\">Twierdza Rasnov (RO)<\/a><\/strong> i Fort Gorgast (DE)<\/li>\n\n\n\n<li class=\"eplus-wrapper\"><strong><a href=\"https:\/\/www.forte-cultura.network\/wp-content\/uploads\/Conferences\/2023%20Sibenik\/14%20Oresta%20RR%20SIBENIK%20.pdf\" target=\"_blank\" rel=\"noreferrer noopener\">Dziedzictwo architektoniczne w Ukrainie w czasie wojny. Fortyfikacje zamku w Podhircach. Europejsko-ukrai\u0144ska wsp\u00f3\u0142praca na rzecz wsparcia<\/a><\/strong>Pani Oresta Remeshylo-Rybchynska, Narodowy Uniwersytet Politechniki Lwowskiej (UA)<\/li>\n\n\n\n<li class=\"eplus-wrapper\">EUROPEJSKIE LATO FORTECZNE - Przegl\u0105d 2022 i Noc Twierdz, Perspektywy 2023, Actionbound App: Pani Jelena K\u00f6lble (DE), FORTE CULTURA \/ WYDARZENIA<\/li>\n\n\n\n<li class=\"eplus-wrapper\"><strong><a href=\"https:\/\/www.forte-cultura.network\/wp-content\/uploads\/Conferences\/2023%20Sibenik\/16%20Presentatie%20EFFORT%20Congress%202023%20FC%20Sib.pdf\" target=\"_blank\" rel=\"noreferrer noopener\">Kongres EFFORTS 2023, Maastricht (NL) - Przedstawienie gospodarza ZWZ i Kongresu EFFORTS w Maastricht (NL), pa\u017adziernik 2023 r.<\/a><\/strong>Gilbert Soeters, miasto Maastricht (NL)<\/li>\n<\/ol>\n\n\n<h5 class=\"wp-block-heading eplus-wrapper\">WARSZTAT (W TWIERDZY KNIN)<br>ZR\u00d3WNOWA\u017bONA TURYSTYKA FORTECZNA I INTEGRACJA<\/h5>\n\n\n<ol class=\"wp-block-list eplus-wrapper eplus-styles-uid-024320\">\n<li class=\"eplus-wrapper\"><strong><a href=\"https:\/\/www.forte-cultura.network\/wp-content\/uploads\/Conferences\/2023%20Sibenik\/Presentation-Josefov%20II.pdf\" target=\"_blank\" rel=\"noreferrer noopener\">Przyjazno\u015b\u0107 dla klimatu, efektywno\u015b\u0107 energetyczna; wydarzenia bez odpad\u00f3w; rozwi\u0105zania cyfrowe; fortece bez barier dla odwiedzaj\u0105cych ze specjalnymi potrzebami \/ Workshop Sustainable and Green Solution Lab Knin Fortress:<\/a><\/strong> Pan Tom\u00e1\u0161 Jirouch, Ufortyfikowane Idealne Miasto Josefov (CZ) \/ FORTE CULTURA<\/li>\n<\/ol><\/div>\n<\/div>\n\n\n<div class=\"wp-block-kadence-spacer alignwide kt-block-spacer-487_a55a22-ed\"><div class=\"kt-block-spacer kt-block-spacer-halign-center\"><\/div><\/div>\n\n\n\n<h4 class=\"wp-block-heading alignwide eplus-wrapper\" style=\"margin-top:var(--wp--preset--spacing--20);margin-bottom:var(--wp--preset--spacing--20)\">Galeria zdj\u0119\u0107<\/h4>\n\n\n<div class=\"kb-gallery-wrap-id-487_a84906-5e alignwide alignwide wp-block-kadence-advancedgallery\"><ul class=\"kb-gallery-ul kb-gallery-non-static kb-gallery-type-masonry kb-masonry-init kb-gallery-id-487_a84906-5e kb-gallery-caption-style-bottom-hover kb-gallery-filter-none\" data-image-filter=\"none\" data-item-selector=\".kadence-blocks-gallery-item\" data-lightbox-caption=\"true\" data-columns-xxl=\"4\" data-columns-xl=\"4\" data-columns-md=\"4\" data-columns-sm=\"3\" data-columns-xs=\"2\" data-columns-ss=\"2\"><li class=\"kadence-blocks-gallery-item\" tabindex=\"0\"><div class=\"kadence-blocks-gallery-item-inner\"><figure class=\"kb-gallery-figure kadence-blocks-gallery-item-hide-caption\"><div class=\"kb-gal-image-radius\" style=\"max-width:540px;\"><div class=\"kb-gallery-image-contain kadence-blocks-gallery-intrinsic\" style=\"padding-bottom:105%;\"><img loading=\"lazy\" decoding=\"async\" src=\"https:\/\/www.forte-cultura.network\/wp-content\/uploads\/2023\/12\/20230330_091135-540x570.png\" width=\"540\" height=\"570\" alt=\"\" data-full-image=\"https:\/\/www.forte-cultura.network\/wp-content\/uploads\/2023\/12\/20230330_091135.png\" data-light-image=\"https:\/\/www.forte-cultura.network\/wp-content\/uploads\/2023\/12\/20230330_091135.png\" data-id=\"514\" class=\"wp-image-514\"\/><\/div><\/div><\/figure><\/div><\/li><li class=\"kadence-blocks-gallery-item\" tabindex=\"0\"><div class=\"kadence-blocks-gallery-item-inner\"><figure class=\"kb-gallery-figure kadence-blocks-gallery-item-hide-caption\"><div class=\"kb-gal-image-radius\" style=\"max-width:870px;\"><div class=\"kb-gallery-image-contain kadence-blocks-gallery-intrinsic\" style=\"padding-bottom:62%;\"><img loading=\"lazy\" decoding=\"async\" src=\"https:\/\/www.forte-cultura.network\/wp-content\/uploads\/2023\/12\/20230329_174606-870x540.png\" width=\"870\" height=\"540\" alt=\"\" data-full-image=\"https:\/\/www.forte-cultura.network\/wp-content\/uploads\/2023\/12\/20230329_174606.png\" data-light-image=\"https:\/\/www.forte-cultura.network\/wp-content\/uploads\/2023\/12\/20230329_174606.png\" data-id=\"513\" class=\"wp-image-513\"\/><\/div><\/div><\/figure><\/div><\/li><li class=\"kadence-blocks-gallery-item\" tabindex=\"0\"><div class=\"kadence-blocks-gallery-item-inner\"><figure class=\"kb-gallery-figure kadence-blocks-gallery-item-hide-caption\"><div class=\"kb-gal-image-radius\" style=\"max-width:870px;\"><div class=\"kb-gallery-image-contain kadence-blocks-gallery-intrinsic\" style=\"padding-bottom:62%;\"><img loading=\"lazy\" decoding=\"async\" src=\"https:\/\/www.forte-cultura.network\/wp-content\/uploads\/2023\/12\/20230330_184902-870x540.png\" width=\"870\" height=\"540\" alt=\"\" data-full-image=\"https:\/\/www.forte-cultura.network\/wp-content\/uploads\/2023\/12\/20230330_184902.png\" data-light-image=\"https:\/\/www.forte-cultura.network\/wp-content\/uploads\/2023\/12\/20230330_184902.png\" data-id=\"511\" class=\"wp-image-511\"\/><\/div><\/div><\/figure><\/div><\/li><li class=\"kadence-blocks-gallery-item\" tabindex=\"0\"><div class=\"kadence-blocks-gallery-item-inner\"><figure class=\"kb-gallery-figure kadence-blocks-gallery-item-hide-caption\"><div class=\"kb-gal-image-radius\" style=\"max-width:870px;\"><div class=\"kb-gallery-image-contain kadence-blocks-gallery-intrinsic\" style=\"padding-bottom:65%;\"><img loading=\"lazy\" decoding=\"async\" src=\"https:\/\/www.forte-cultura.network\/wp-content\/uploads\/2023\/12\/P3302522-870x570.png\" width=\"870\" height=\"570\" alt=\"\" data-full-image=\"https:\/\/www.forte-cultura.network\/wp-content\/uploads\/2023\/12\/P3302522.png\" data-light-image=\"https:\/\/www.forte-cultura.network\/wp-content\/uploads\/2023\/12\/P3302522.png\" data-id=\"512\" class=\"wp-image-512\"\/><\/div><\/div><\/figure><\/div><\/li><li class=\"kadence-blocks-gallery-item\" tabindex=\"0\"><div class=\"kadence-blocks-gallery-item-inner\"><figure class=\"kb-gallery-figure kadence-blocks-gallery-item-hide-caption\"><div class=\"kb-gal-image-radius\" style=\"max-width:870px;\"><div class=\"kb-gallery-image-contain kadence-blocks-gallery-intrinsic\" style=\"padding-bottom:62%;\"><img loading=\"lazy\" decoding=\"async\" src=\"https:\/\/www.forte-cultura.network\/wp-content\/uploads\/2023\/12\/20230329_174446-870x540.png\" width=\"870\" height=\"540\" alt=\"\" data-full-image=\"https:\/\/www.forte-cultura.network\/wp-content\/uploads\/2023\/12\/20230329_174446.png\" data-light-image=\"https:\/\/www.forte-cultura.network\/wp-content\/uploads\/2023\/12\/20230329_174446.png\" data-id=\"510\" class=\"wp-image-510\"\/><\/div><\/div><\/figure><\/div><\/li><li class=\"kadence-blocks-gallery-item\" tabindex=\"0\"><div class=\"kadence-blocks-gallery-item-inner\"><figure class=\"kb-gallery-figure kadence-blocks-gallery-item-hide-caption\"><div class=\"kb-gal-image-radius\" style=\"max-width:870px;\"><div class=\"kb-gallery-image-contain kadence-blocks-gallery-intrinsic\" style=\"padding-bottom:62%;\"><img loading=\"lazy\" decoding=\"async\" src=\"https:\/\/www.forte-cultura.network\/wp-content\/uploads\/2023\/12\/20230331_103119-870x540.png\" width=\"870\" height=\"540\" alt=\"\" data-full-image=\"https:\/\/www.forte-cultura.network\/wp-content\/uploads\/2023\/12\/20230331_103119.png\" data-light-image=\"https:\/\/www.forte-cultura.network\/wp-content\/uploads\/2023\/12\/20230331_103119.png\" data-id=\"509\" class=\"wp-image-509\"\/><\/div><\/div><\/figure><\/div><\/li><li class=\"kadence-blocks-gallery-item\" tabindex=\"0\"><div class=\"kadence-blocks-gallery-item-inner\"><figure class=\"kb-gallery-figure kadence-blocks-gallery-item-hide-caption\"><div class=\"kb-gal-image-radius\" style=\"max-width:540px;\"><div class=\"kb-gallery-image-contain kadence-blocks-gallery-intrinsic\" style=\"padding-bottom:105%;\"><img loading=\"lazy\" decoding=\"async\" src=\"https:\/\/www.forte-cultura.network\/wp-content\/uploads\/2023\/12\/20230330_180909-540x570.png\" width=\"540\" height=\"570\" alt=\"\" data-full-image=\"https:\/\/www.forte-cultura.network\/wp-content\/uploads\/2023\/12\/20230330_180909.png\" data-light-image=\"https:\/\/www.forte-cultura.network\/wp-content\/uploads\/2023\/12\/20230330_180909.png\" data-id=\"506\" class=\"wp-image-506\"\/><\/div><\/div><\/figure><\/div><\/li><li class=\"kadence-blocks-gallery-item\" tabindex=\"0\"><div class=\"kadence-blocks-gallery-item-inner\"><figure class=\"kb-gallery-figure kadence-blocks-gallery-item-hide-caption\"><div class=\"kb-gal-image-radius\" style=\"max-width:870px;\"><div class=\"kb-gallery-image-contain kadence-blocks-gallery-intrinsic\" style=\"padding-bottom:62%;\"><img loading=\"lazy\" decoding=\"async\" src=\"https:\/\/www.forte-cultura.network\/wp-content\/uploads\/2023\/12\/20230330_184051-870x540.png\" width=\"870\" height=\"540\" alt=\"\" data-full-image=\"https:\/\/www.forte-cultura.network\/wp-content\/uploads\/2023\/12\/20230330_184051.png\" data-light-image=\"https:\/\/www.forte-cultura.network\/wp-content\/uploads\/2023\/12\/20230330_184051.png\" data-id=\"508\" class=\"wp-image-508\"\/><\/div><\/div><\/figure><\/div><\/li><li class=\"kadence-blocks-gallery-item\" tabindex=\"0\"><div class=\"kadence-blocks-gallery-item-inner\"><figure class=\"kb-gallery-figure kadence-blocks-gallery-item-hide-caption\"><div class=\"kb-gal-image-radius\" style=\"max-width:870px;\"><div class=\"kb-gallery-image-contain kadence-blocks-gallery-intrinsic\" style=\"padding-bottom:62%;\"><img loading=\"lazy\" decoding=\"async\" src=\"https:\/\/www.forte-cultura.network\/wp-content\/uploads\/2023\/12\/20230331_111256-870x540.png\" width=\"870\" height=\"540\" alt=\"\" data-full-image=\"https:\/\/www.forte-cultura.network\/wp-content\/uploads\/2023\/12\/20230331_111256.png\" data-light-image=\"https:\/\/www.forte-cultura.network\/wp-content\/uploads\/2023\/12\/20230331_111256.png\" data-id=\"507\" class=\"wp-image-507\"\/><\/div><\/div><\/figure><\/div><\/li><li class=\"kadence-blocks-gallery-item\" tabindex=\"0\"><div class=\"kadence-blocks-gallery-item-inner\"><figure class=\"kb-gallery-figure kadence-blocks-gallery-item-hide-caption\"><div class=\"kb-gal-image-radius\" style=\"max-width:870px;\"><div class=\"kb-gallery-image-contain kadence-blocks-gallery-intrinsic\" style=\"padding-bottom:62%;\"><img loading=\"lazy\" decoding=\"async\" src=\"https:\/\/www.forte-cultura.network\/wp-content\/uploads\/2023\/12\/20230330_160136-870x540.png\" width=\"870\" height=\"540\" alt=\"\" data-full-image=\"https:\/\/www.forte-cultura.network\/wp-content\/uploads\/2023\/12\/20230330_160136.png\" data-light-image=\"https:\/\/www.forte-cultura.network\/wp-content\/uploads\/2023\/12\/20230330_160136.png\" data-id=\"504\" class=\"wp-image-504\"\/><\/div><\/div><\/figure><\/div><\/li><li class=\"kadence-blocks-gallery-item\" tabindex=\"0\"><div class=\"kadence-blocks-gallery-item-inner\"><figure class=\"kb-gallery-figure kadence-blocks-gallery-item-hide-caption\"><div class=\"kb-gal-image-radius\" style=\"max-width:870px;\"><div class=\"kb-gallery-image-contain kadence-blocks-gallery-intrinsic\" style=\"padding-bottom:62%;\"><img loading=\"lazy\" decoding=\"async\" src=\"https:\/\/www.forte-cultura.network\/wp-content\/uploads\/2023\/12\/20230330_155722-870x548.png\" width=\"870\" height=\"548\" alt=\"\" data-full-image=\"https:\/\/www.forte-cultura.network\/wp-content\/uploads\/2023\/12\/20230330_155722.png\" data-light-image=\"https:\/\/www.forte-cultura.network\/wp-content\/uploads\/2023\/12\/20230330_155722.png\" data-id=\"505\" class=\"wp-image-505\" srcset=\"https:\/\/www.forte-cultura.network\/wp-content\/uploads\/2023\/12\/20230330_155722-870x548.png 870w, https:\/\/www.forte-cultura.network\/wp-content\/uploads\/2023\/12\/20230330_155722-18x10.png 18w\" sizes=\"auto, (max-width: 870px) 100vw, 870px\" \/><\/div><\/div><\/figure><\/div><\/li><li class=\"kadence-blocks-gallery-item\" tabindex=\"0\"><div class=\"kadence-blocks-gallery-item-inner\"><figure class=\"kb-gallery-figure kadence-blocks-gallery-item-hide-caption\"><div class=\"kb-gal-image-radius\" style=\"max-width:870px;\"><div class=\"kb-gallery-image-contain kadence-blocks-gallery-intrinsic\" style=\"padding-bottom:62%;\"><img loading=\"lazy\" decoding=\"async\" src=\"https:\/\/www.forte-cultura.network\/wp-content\/uploads\/2023\/12\/20230330_195311-870x540.png\" width=\"870\" height=\"540\" alt=\"\" data-full-image=\"https:\/\/www.forte-cultura.network\/wp-content\/uploads\/2023\/12\/20230330_195311.png\" data-light-image=\"https:\/\/www.forte-cultura.network\/wp-content\/uploads\/2023\/12\/20230330_195311.png\" data-id=\"502\" class=\"wp-image-502\"\/><\/div><\/div><\/figure><\/div><\/li><li class=\"kadence-blocks-gallery-item\" tabindex=\"0\"><div class=\"kadence-blocks-gallery-item-inner\"><figure class=\"kb-gallery-figure kadence-blocks-gallery-item-hide-caption\"><div class=\"kb-gal-image-radius\" style=\"max-width:870px;\"><div class=\"kb-gallery-image-contain kadence-blocks-gallery-intrinsic\" style=\"padding-bottom:65%;\"><img loading=\"lazy\" decoding=\"async\" src=\"https:\/\/www.forte-cultura.network\/wp-content\/uploads\/2023\/12\/FoCu-Kongress-2023_Sibenik-870x570.png\" width=\"870\" height=\"570\" alt=\"\" data-full-image=\"https:\/\/www.forte-cultura.network\/wp-content\/uploads\/2023\/12\/FoCu-Kongress-2023_Sibenik.png\" data-light-image=\"https:\/\/www.forte-cultura.network\/wp-content\/uploads\/2023\/12\/FoCu-Kongress-2023_Sibenik.png\" data-id=\"503\" class=\"wp-image-503\"\/><\/div><\/div><\/figure><\/div><\/li><li class=\"kadence-blocks-gallery-item\" tabindex=\"0\"><div class=\"kadence-blocks-gallery-item-inner\"><figure class=\"kb-gallery-figure kadence-blocks-gallery-item-hide-caption\"><div class=\"kb-gal-image-radius\" style=\"max-width:870px;\"><div class=\"kb-gallery-image-contain kadence-blocks-gallery-intrinsic\" style=\"padding-bottom:62%;\"><img loading=\"lazy\" decoding=\"async\" src=\"https:\/\/www.forte-cultura.network\/wp-content\/uploads\/2023\/12\/20230330_191853-870x540.png\" width=\"870\" height=\"540\" alt=\"\" data-full-image=\"https:\/\/www.forte-cultura.network\/wp-content\/uploads\/2023\/12\/20230330_191853.png\" data-light-image=\"https:\/\/www.forte-cultura.network\/wp-content\/uploads\/2023\/12\/20230330_191853.png\" data-id=\"501\" class=\"wp-image-501\"\/><\/div><\/div><\/figure><\/div><\/li><li class=\"kadence-blocks-gallery-item\" tabindex=\"0\"><div class=\"kadence-blocks-gallery-item-inner\"><figure class=\"kb-gallery-figure kadence-blocks-gallery-item-hide-caption\"><div class=\"kb-gal-image-radius\" style=\"max-width:870px;\"><div class=\"kb-gallery-image-contain kadence-blocks-gallery-intrinsic\" style=\"padding-bottom:65%;\"><img loading=\"lazy\" decoding=\"async\" src=\"https:\/\/www.forte-cultura.network\/wp-content\/uploads\/2023\/12\/K1600_IMG_7677-870x570.png\" width=\"870\" height=\"570\" alt=\"\" data-full-image=\"https:\/\/www.forte-cultura.network\/wp-content\/uploads\/2023\/12\/K1600_IMG_7677.png\" data-light-image=\"https:\/\/www.forte-cultura.network\/wp-content\/uploads\/2023\/12\/K1600_IMG_7677.png\" data-id=\"500\" class=\"wp-image-500\" srcset=\"https:\/\/www.forte-cultura.network\/wp-content\/uploads\/2023\/12\/K1600_IMG_7677-870x570.png 870w, https:\/\/www.forte-cultura.network\/wp-content\/uploads\/2023\/12\/K1600_IMG_7677-18x12.png 18w\" sizes=\"auto, (max-width: 870px) 100vw, 870px\" \/><\/div><\/div><\/figure><\/div><\/li><li class=\"kadence-blocks-gallery-item\" tabindex=\"0\"><div class=\"kadence-blocks-gallery-item-inner\"><figure class=\"kb-gallery-figure kadence-blocks-gallery-item-hide-caption\"><div class=\"kb-gal-image-radius\" style=\"max-width:870px;\"><div class=\"kb-gallery-image-contain kadence-blocks-gallery-intrinsic\" style=\"padding-bottom:65%;\"><img loading=\"lazy\" decoding=\"async\" src=\"https:\/\/www.forte-cultura.network\/wp-content\/uploads\/2023\/12\/K1600_IMG_7616-870x570.png\" width=\"870\" height=\"570\" alt=\"\" data-full-image=\"https:\/\/www.forte-cultura.network\/wp-content\/uploads\/2023\/12\/K1600_IMG_7616.png\" data-light-image=\"https:\/\/www.forte-cultura.network\/wp-content\/uploads\/2023\/12\/K1600_IMG_7616.png\" data-id=\"499\" class=\"wp-image-499\" srcset=\"https:\/\/www.forte-cultura.network\/wp-content\/uploads\/2023\/12\/K1600_IMG_7616-870x570.png 870w, https:\/\/www.forte-cultura.network\/wp-content\/uploads\/2023\/12\/K1600_IMG_7616-18x12.png 18w\" sizes=\"auto, (max-width: 870px) 100vw, 870px\" \/><\/div><\/div><\/figure><\/div><\/li><li class=\"kadence-blocks-gallery-item\" tabindex=\"0\"><div class=\"kadence-blocks-gallery-item-inner\"><figure class=\"kb-gallery-figure kadence-blocks-gallery-item-hide-caption\"><div class=\"kb-gal-image-radius\" style=\"max-width:870px;\"><div class=\"kb-gallery-image-contain kadence-blocks-gallery-intrinsic\" style=\"padding-bottom:62%;\"><img loading=\"lazy\" decoding=\"async\" src=\"https:\/\/www.forte-cultura.network\/wp-content\/uploads\/2023\/12\/20230330_163906-870x540.png\" width=\"870\" height=\"540\" alt=\"\" data-full-image=\"https:\/\/www.forte-cultura.network\/wp-content\/uploads\/2023\/12\/20230330_163906.png\" data-light-image=\"https:\/\/www.forte-cultura.network\/wp-content\/uploads\/2023\/12\/20230330_163906.png\" data-id=\"498\" class=\"wp-image-498\"\/><\/div><\/div><\/figure><\/div><\/li><li class=\"kadence-blocks-gallery-item\" tabindex=\"0\"><div class=\"kadence-blocks-gallery-item-inner\"><figure class=\"kb-gallery-figure kadence-blocks-gallery-item-hide-caption\"><div class=\"kb-gal-image-radius\" style=\"max-width:870px;\"><div class=\"kb-gallery-image-contain kadence-blocks-gallery-intrinsic\" style=\"padding-bottom:65%;\"><img loading=\"lazy\" decoding=\"async\" src=\"https:\/\/www.forte-cultura.network\/wp-content\/uploads\/2023\/12\/2023_EFS_Launch-Sibenik-870x570.jpg\" width=\"870\" height=\"570\" alt=\"\" data-full-image=\"https:\/\/www.forte-cultura.network\/wp-content\/uploads\/2023\/12\/2023_EFS_Launch-Sibenik.jpg\" data-light-image=\"https:\/\/www.forte-cultura.network\/wp-content\/uploads\/2023\/12\/2023_EFS_Launch-Sibenik.jpg\" data-id=\"468\" class=\"wp-image-468\" srcset=\"https:\/\/www.forte-cultura.network\/wp-content\/uploads\/2023\/12\/2023_EFS_Launch-Sibenik-870x570.jpg 870w, https:\/\/www.forte-cultura.network\/wp-content\/uploads\/2023\/12\/2023_EFS_Launch-Sibenik-300x196.jpg 300w, https:\/\/www.forte-cultura.network\/wp-content\/uploads\/2023\/12\/2023_EFS_Launch-Sibenik-1024x670.jpg 1024w, https:\/\/www.forte-cultura.network\/wp-content\/uploads\/2023\/12\/2023_EFS_Launch-Sibenik-768x503.jpg 768w, https:\/\/www.forte-cultura.network\/wp-content\/uploads\/2023\/12\/2023_EFS_Launch-Sibenik-18x12.jpg 18w, https:\/\/www.forte-cultura.network\/wp-content\/uploads\/2023\/12\/2023_EFS_Launch-Sibenik.jpg 1288w\" sizes=\"auto, (max-width: 870px) 100vw, 870px\" \/><\/div><\/div><\/figure><\/div><\/li><li class=\"kadence-blocks-gallery-item\" tabindex=\"0\"><div class=\"kadence-blocks-gallery-item-inner\"><figure class=\"kb-gallery-figure kadence-blocks-gallery-item-hide-caption\"><div class=\"kb-gal-image-radius\" style=\"max-width:380px;\"><div class=\"kb-gallery-image-contain kadence-blocks-gallery-intrinsic\" style=\"padding-bottom:66%;\"><img loading=\"lazy\" decoding=\"async\" src=\"https:\/\/www.forte-cultura.network\/wp-content\/uploads\/2023\/12\/Sibeni_webk.jpg\" width=\"380\" height=\"254\" alt=\"\" data-full-image=\"https:\/\/www.forte-cultura.network\/wp-content\/uploads\/2023\/12\/Sibeni_webk.jpg\" data-light-image=\"https:\/\/www.forte-cultura.network\/wp-content\/uploads\/2023\/12\/Sibeni_webk.jpg\" data-id=\"471\" class=\"wp-image-471\" srcset=\"https:\/\/www.forte-cultura.network\/wp-content\/uploads\/2023\/12\/Sibeni_webk.jpg 380w, https:\/\/www.forte-cultura.network\/wp-content\/uploads\/2023\/12\/Sibeni_webk-300x201.jpg 300w, https:\/\/www.forte-cultura.network\/wp-content\/uploads\/2023\/12\/Sibeni_webk-18x12.jpg 18w\" sizes=\"auto, (max-width: 380px) 100vw, 380px\" \/><\/div><\/div><\/figure><\/div><\/li><\/ul><\/div>\n\n\n<div class=\"wp-block-kadence-spacer alignwide kt-block-spacer-487_4a66ce-26\"><div class=\"kt-block-spacer kt-block-spacer-halign-center\"><\/div><\/div>","protected":false},"excerpt":{"rendered":"<p>Cooperation in the field of fortified cultural heritage in the Adriatic region;Sustainable fortress tourism and integration with FORTE CULTURA;Start of the European Fortress Summer 2023 29-31 March 2023, \u0160ibenik (HR) [&hellip;]<\/p>\n","protected":false},"author":1,"featured_media":488,"comment_status":"open","ping_status":"open","sticky":false,"template":"","format":"standard","meta":{"editor_plus_copied_stylings":"{}","pgc_sgb_lightbox_settings":"","_price":"","_stock":"","_tribe_ticket_header":"","_tribe_default_ticket_provider":"","_tribe_ticket_capacity":"0","_ticket_start_date":"","_ticket_end_date":"","_tribe_ticket_show_description":"","_tribe_ticket_show_not_going":false,"_tribe_ticket_use_global_stock":"","_tribe_ticket_global_stock_level":"","_global_stock_mode":"","_global_stock_cap":"","_tribe_rsvp_for_event":"","_tribe_ticket_going_count":"","_tribe_ticket_not_going_count":"","_tribe_tickets_list":"[]","_tribe_ticket_has_attendee_info_fields":false,"_EventAllDay":false,"_EventTimezone":"","_EventStartDate":"","_EventEndDate":"","_EventStartDateUTC":"","_EventEndDateUTC":"","_EventShowMap":false,"_EventShowMapLink":false,"_EventURL":"","_EventCost":"","_EventCostDescription":"","_EventCurrencySymbol":"","_EventCurrencyCode":"","_EventCurrencyPosition":"","_EventDateTimeSeparator":"","_EventTimeRangeSeparator":"","_EventOrganizerID":[],"_EventVenueID":[],"_OrganizerEmail":"","_OrganizerPhone":"","_OrganizerWebsite":"","_VenueAddress":"","_VenueCity":"","_VenueCountry":"","_VenueProvince":"","_VenueState":"","_VenueZip":"","_VenuePhone":"","_VenueURL":"","_VenueStateProvince":"","_VenueLat":"","_VenueLng":"","_VenueShowMap":false,"_VenueShowMapLink":false,"footnotes":""},"categories":[7,17,25,10,8,30,6,35],"tags":[],"class_list":["post-487","post","type-post","status-publish","format-standard","has-post-thumbnail","hentry","category-7","category-conference_articles","category-previous-fortress-conferences","category-stations","category-network-2","category-network-meetings","category-news","category-sibenik"],"_links":{"self":[{"href":"https:\/\/www.forte-cultura.network\/pl\/wp-json\/wp\/v2\/posts\/487","targetHints":{"allow":["GET"]}}],"collection":[{"href":"https:\/\/www.forte-cultura.network\/pl\/wp-json\/wp\/v2\/posts"}],"about":[{"href":"https:\/\/www.forte-cultura.network\/pl\/wp-json\/wp\/v2\/types\/post"}],"author":[{"embeddable":true,"href":"https:\/\/www.forte-cultura.network\/pl\/wp-json\/wp\/v2\/users\/1"}],"replies":[{"embeddable":true,"href":"https:\/\/www.forte-cultura.network\/pl\/wp-json\/wp\/v2\/comments?post=487"}],"version-history":[{"count":0,"href":"https:\/\/www.forte-cultura.network\/pl\/wp-json\/wp\/v2\/posts\/487\/revisions"}],"wp:featuredmedia":[{"embeddable":true,"href":"https:\/\/www.forte-cultura.network\/pl\/wp-json\/wp\/v2\/media\/488"}],"wp:attachment":[{"href":"https:\/\/www.forte-cultura.network\/pl\/wp-json\/wp\/v2\/media?parent=487"}],"wp:term":[{"taxonomy":"category","embeddable":true,"href":"https:\/\/www.forte-cultura.network\/pl\/wp-json\/wp\/v2\/categories?post=487"},{"taxonomy":"post_tag","embeddable":true,"href":"https:\/\/www.forte-cultura.network\/pl\/wp-json\/wp\/v2\/tags?post=487"}],"curies":[{"name":"wp","href":"https:\/\/api.w.org\/{rel}","templated":true}]}}